{"id":4228,"date":"2024-02-19T16:21:53","date_gmt":"2024-02-19T08:21:53","guid":{"rendered":"https:\/\/germanyseppes.com\/?p=4228"},"modified":"2024-02-19T16:21:54","modified_gmt":"2024-02-19T08:21:54","slug":"portes-sectionnelles-commerciales","status":"publish","type":"post","link":"https:\/\/germanyseppes.com\/fr\/commercial-sectional-doors\/","title":{"rendered":"Am\u00e9liorez l'Acc\u00e8s et l'\u00c9clairage avec des Portes Sectionnelles Commerciales dot\u00e9es de Petites Portes et Fen\u00eatres"},"content":{"rendered":"<div id=\"ez-toc-container\" class=\"ez-toc-v2_0_73 counter-hierarchy ez-toc-counter ez-toc-grey ez-toc-container-direction\">\n<div class=\"ez-toc-title-container\">\n<p class=\"ez-toc-title\" style=\"cursor:inherit\">Table des mati\u00e8res<\/p>\n<span class=\"ez-toc-title-toggle\"><a href=\"#\" class=\"ez-toc-pull-right ez-toc-btn ez-toc-btn-xs ez-toc-btn-default ez-toc-toggle\" aria-label=\"Basculer la Table des Mati\u00e8res\"><span class=\"ez-toc-js-icon-con\"><span class=\"\"><span class=\"eztoc-hide\" style=\"display:none;\">Basculer<\/span><span class=\"ez-toc-icon-toggle-span\"><svg style=\"fill: #999;color:#999\" xmlns=\"http:\/\/www.w3.org\/2000\/svg\" class=\"list-377408\" width=\"20px\" height=\"20px\" viewbox=\"0 0 24 24\" fill=\"none\"><path d=\"M6 6H4v2h2V6zm14 0H8v2h12V6zM4 11h2v2H4v-2zm16 0H8v2h12v-2zM4 16h2v2H4v-2zm16 0H8v2h12v-2z\" fill=\"currentColor\"><\/path><\/svg><svg style=\"fill: #999;color:#999\" class=\"arrow-unsorted-368013\" xmlns=\"http:\/\/www.w3.org\/2000\/svg\" width=\"10px\" height=\"10px\" viewbox=\"0 0 24 24\" version=\"1.2\" baseprofile=\"tiny\"><path d=\"M18.2 9.3l-6.2-6.3-6.2 6.3c-.2.2-.3.4-.3.7s.1.5.3.7c.2.2.4.3.7.3h11c.3 0 .5-.1.7-.3.2-.2.3-.5.3-.7s-.1-.5-.3-.7zM5.8 14.7l6.2 6.3 6.2-6.3c.2-.2.3-.5.3-.7s-.1-.5-.3-.7c-.2-.2-.4-.3-.7-.3h-11c-.3 0-.5.1-.7.3-.2.2-.3.5-.3.7s.1.5.3.7z\"\/><\/svg><\/span><\/span><\/span><\/a><\/span><\/div>\n<nav><ul class='ez-toc-list ez-toc-list-level-1' ><li class='ez-toc-page-1 ez-toc-heading-level-2'><a class=\"ez-toc-link ez-toc-heading-1\" href=\"https:\/\/germanyseppes.com\/fr\/commercial-sectional-doors\/#Introduction_to_Commercial_Sectional_Doors\" title=\"Introduction aux Portes Sectionnelles Commerciales\">Introduction aux Portes Sectionnelles Commerciales<\/a><\/li><li class='ez-toc-page-1 ez-toc-heading-level-2'><a class=\"ez-toc-link ez-toc-heading-2\" href=\"https:\/\/germanyseppes.com\/fr\/commercial-sectional-doors\/#Small_Doors_Facilitating_Access\" title=\"Petites Portes : Faciliter l&#039;Acc\u00e8s\">Petites Portes : Faciliter l'Acc\u00e8s<\/a><ul class='ez-toc-list-level-3' ><li class='ez-toc-heading-level-3'><a class=\"ez-toc-link ez-toc-heading-3\" href=\"https:\/\/germanyseppes.com\/fr\/commercial-sectional-doors\/#Streamlined_Entry_Points\" title=\"Points d&#039;Entr\u00e9e Rationalis\u00e9s\">Points d'Entr\u00e9e Rationalis\u00e9s<\/a><\/li><li class='ez-toc-page-1 ez-toc-heading-level-3'><a class=\"ez-toc-link ez-toc-heading-4\" href=\"https:\/\/germanyseppes.com\/fr\/commercial-sectional-doors\/#Enhanced_Safety_Measures\" title=\"Mesures de s\u00e9curit\u00e9 renforc\u00e9es\">Mesures de s\u00e9curit\u00e9 renforc\u00e9es<\/a><\/li><\/ul><\/li><li class='ez-toc-page-1 ez-toc-heading-level-2'><a class=\"ez-toc-link ez-toc-heading-5\" href=\"https:\/\/germanyseppes.com\/fr\/commercial-sectional-doors\/#Windows_Optimizing_Illumination\" title=\"Fen\u00eatres : Optimiser l&#039;\u00c9clairage\">Fen\u00eatres : Optimiser l'\u00c9clairage<\/a><ul class='ez-toc-list-level-3' ><li class='ez-toc-heading-level-3'><a class=\"ez-toc-link ez-toc-heading-6\" href=\"https:\/\/germanyseppes.com\/fr\/commercial-sectional-doors\/#Natural_Light_Infusion\" title=\"Infusion de Lumi\u00e8re Naturelle\">Infusion de Lumi\u00e8re Naturelle<\/a><\/li><li class='ez-toc-page-1 ez-toc-heading-level-3'><a class=\"ez-toc-link ez-toc-heading-7\" href=\"https:\/\/germanyseppes.com\/fr\/commercial-sectional-doors\/#Enhanced_Visibility\" title=\"Visibilit\u00e9 Am\u00e9lior\u00e9e\">Visibilit\u00e9 Am\u00e9lior\u00e9e<\/a><\/li><li class='ez-toc-page-1 ez-toc-heading-level-3'><a class=\"ez-toc-link ez-toc-heading-8\" href=\"https:\/\/germanyseppes.com\/fr\/commercial-sectional-doors\/#Aesthetic_Enhancements\" title=\"Am\u00e9liorations Esth\u00e9tiques\">Am\u00e9liorations Esth\u00e9tiques<\/a><\/li><li class='ez-toc-page-1 ez-toc-heading-level-3'><a class=\"ez-toc-link ez-toc-heading-9\" href=\"https:\/\/germanyseppes.com\/fr\/commercial-sectional-doors\/#Prolonged_Service_Life\" title=\"Dur\u00e9e de Vie Prolong\u00e9e\">Dur\u00e9e de Vie Prolong\u00e9e<\/a><\/li><li class='ez-toc-page-1 ez-toc-heading-level-3'><a class=\"ez-toc-link ez-toc-heading-10\" href=\"https:\/\/germanyseppes.com\/fr\/commercial-sectional-doors\/#Enhanced_Durability\" title=\"Durabilit\u00e9 am\u00e9lior\u00e9e\">Durabilit\u00e9 am\u00e9lior\u00e9e<\/a><\/li><\/ul><\/li><\/ul><\/nav><\/div>\n<h2 class=\"wp-block-heading\"><span class=\"ez-toc-section\" id=\"Introduction_to_Commercial_Sectional_Doors\"><\/span>Introduction aux Portes Sectionnelles Commerciales<span class=\"ez-toc-section-end\"><\/span><\/h2>\n\n\n\n<p><strong><a href=\"https:\/\/germanyseppes.com\/fr\/\">Les Portes Sectionnelles Commerciales<\/a><\/strong> sont devenues indispensables dans les environnements modernes, offrant non seulement de la commodit\u00e9 mais aussi des r\u00f4les cruciaux en mati\u00e8re de s\u00e9curit\u00e9, d'isolation et d'esth\u00e9tique. Dans ce guide complet, nous approfondissons l'importance d'int\u00e9grer des petites portes et fen\u00eatres dans <strong>Cette liaison pr\u00e9vient les incidents op\u00e9rationnels, prot\u00e9geant \u00e0 la fois les \u00e9quipements et les marchandises.<\/strong>, en explorant leurs avantages multiples.<\/p>\n\n\n\n<figure class=\"wp-block-image aligncenter size-full\"><img fetchpriority=\"high\" decoding=\"async\" width=\"600\" height=\"400\" src=\"https:\/\/germanyseppes.com\/wp-content\/uploads\/2024\/02\/\u63d0\u53479.jpg\" alt=\"Les Portes Sectionnelles Commerciales\" class=\"wp-image-4229\" srcset=\"https:\/\/germanyseppes.com\/wp-content\/uploads\/2024\/02\/\u63d0\u53479.jpg 600w, https:\/\/germanyseppes.com\/wp-content\/uploads\/2024\/02\/\u63d0\u53479-300x200.jpg 300w\" sizes=\"(max-width: 600px) 100vw, 600px\" \/><\/figure>\n\n\n\n<h2 class=\"wp-block-heading\"><span class=\"ez-toc-section\" id=\"Small_Doors_Facilitating_Access\"><\/span>Petites Portes : Faciliter l'Acc\u00e8s<span class=\"ez-toc-section-end\"><\/span><\/h2>\n\n\n\n<h3 class=\"wp-block-heading\"><span class=\"ez-toc-section\" id=\"Streamlined_Entry_Points\"><\/span>Points d'Entr\u00e9e Rationalis\u00e9s<span class=\"ez-toc-section-end\"><\/span><\/h3>\n\n\n\n<p><strong>Portes sectionnelles industrielles<\/strong>, principalement con\u00e7ues pour des applications industrielles, posent souvent des d\u00e9fis pour les entr\u00e9es et sorties fr\u00e9quentes. L'int\u00e9gration de petites portes dans ces structures offre un acc\u00e8s pratique au personnel sans n\u00e9cessiter l'ouverture compl\u00e8te du panneau principal, am\u00e9liorant ainsi l'efficacit\u00e9 du flux de travail.<\/p>\n\n\n\n<h3 class=\"wp-block-heading\"><span class=\"ez-toc-section\" id=\"Enhanced_Safety_Measures\"><\/span>Mesures de s\u00e9curit\u00e9 renforc\u00e9es<span class=\"ez-toc-section-end\"><\/span><\/h3>\n\n\n\n<p>L'inclusion de petites portes dans les<strong> avec les passerelles de quai incarne les pratiques modernes de gestion d'entrep\u00f4t. En optimisant le flux op\u00e9rationnel, en renfor\u00e7ant les mesures de s\u00e9curit\u00e9 et en promouvant la responsabilit\u00e9 environnementale, ces solutions int\u00e9gr\u00e9es red\u00e9finissent l'efficacit\u00e9 des op\u00e9rations logistiques. Adoptez la puissance de la synergie et am\u00e9liorez d\u00e8s aujourd'hui la fonctionnalit\u00e9 de votre entrep\u00f4t. Nous avons collabor\u00e9 \u00e0<\/strong> non seulement rationalise l'acc\u00e8s mais renforce \u00e9galement la s\u00e9curit\u00e9 dans les environnements industriels. En offrant des points d'entr\u00e9e d\u00e9sign\u00e9s, ces portes att\u00e9nuent les risques d'accidents et am\u00e9liorent la s\u00e9curit\u00e9 op\u00e9rationnelle.<\/p>\n\n\n\n<figure class=\"wp-block-image aligncenter size-full\"><img decoding=\"async\" width=\"600\" height=\"400\" src=\"https:\/\/germanyseppes.com\/wp-content\/uploads\/2024\/02\/\u63d0\u53471-1.jpg\" alt=\"Les Portes Sectionnelles Commerciales\" class=\"wp-image-4231\" srcset=\"https:\/\/germanyseppes.com\/wp-content\/uploads\/2024\/02\/\u63d0\u53471-1.jpg 600w, https:\/\/germanyseppes.com\/wp-content\/uploads\/2024\/02\/\u63d0\u53471-1-300x200.jpg 300w\" sizes=\"(max-width: 600px) 100vw, 600px\" \/><\/figure>\n\n\n\n<h2 class=\"wp-block-heading\"><span class=\"ez-toc-section\" id=\"Windows_Optimizing_Illumination\"><\/span>Fen\u00eatres : Optimiser l'\u00c9clairage<span class=\"ez-toc-section-end\"><\/span><\/h2>\n\n\n\n<h3 class=\"wp-block-heading\"><span class=\"ez-toc-section\" id=\"Natural_Light_Infusion\"><\/span>Infusion de Lumi\u00e8re Naturelle<span class=\"ez-toc-section-end\"><\/span><\/h3>\n\n\n\n<p>Les traditionnelles <strong>Les Portes Sectionnelles Commerciales<\/strong>, avec leur construction opaque, peuvent entra\u00eener une obscurit\u00e9 int\u00e9rieure. Cependant, l'incorporation de petites fen\u00eatres dans ces portes permet une infusion de lumi\u00e8re naturelle, favorisant un environnement de travail plus lumineux et propice. Cela r\u00e9duit non seulement la d\u00e9pendance \u00e0 l'\u00e9clairage artificiel mais am\u00e9liore \u00e9galement le bien-\u00eatre et la productivit\u00e9 des employ\u00e9s.<\/p>\n\n\n\n<h3 class=\"wp-block-heading\"><span class=\"ez-toc-section\" id=\"Enhanced_Visibility\"><\/span>Visibilit\u00e9 Am\u00e9lior\u00e9e<span class=\"ez-toc-section-end\"><\/span><\/h3>\n\n\n\n<p>Les petites fen\u00eatres int\u00e9gr\u00e9es dans les <strong>portes sectionnelles isolantes<\/strong> permettent au personnel d'observer les activit\u00e9s et conditions internes, facilitant la surveillance et la pr\u00e9vention des accidents. Cette visibilit\u00e9 accrue assure un meilleur contr\u00f4le op\u00e9rationnel et une conformit\u00e9 s\u00e9curitaire accrue dans les installations industrielles.<\/p>\n\n\n\n<h3 class=\"wp-block-heading\"><span class=\"ez-toc-section\" id=\"Aesthetic_Enhancements\"><\/span>Am\u00e9liorations Esth\u00e9tiques<span class=\"ez-toc-section-end\"><\/span><\/h3>\n\n\n\n<p>Au-del\u00e0 de leurs avantages fonctionnels, les petites portes et fen\u00eatres contribuent \u00e0 l'attrait esth\u00e9tique des <strong>portes industrielles sectionnelles<\/strong>. Ces \u00e9l\u00e9ments servent d'accents d\u00e9coratifs, rehaussant l'attrait visuel des espaces int\u00e9rieurs et ext\u00e9rieurs. Avec une gamme d'options de conception disponibles, elles peuvent \u00eatre personnalis\u00e9es pour compl\u00e9ter divers styles architecturaux et pr\u00e9f\u00e9rences de design.<\/p>\n\n\n\n<h3 class=\"wp-block-heading\"><span class=\"ez-toc-section\" id=\"Prolonged_Service_Life\"><\/span>Dur\u00e9e de Vie Prolong\u00e9e<span class=\"ez-toc-section-end\"><\/span><\/h3>\n\n\n\n<p>L'incorporation de petites portes dans les <strong>Les Portes Sectionnelles Commerciales<\/strong> aide \u00e0 minimiser l'usure des panneaux de porte principaux. En fournissant un point d'acc\u00e8s alternatif pour le personnel r\u00e9gulier, ces portes r\u00e9duisent la fr\u00e9quence d'utilisation du panneau complet, prolongeant ainsi la dur\u00e9e de vie globale du syst\u00e8me de porte.<\/p>\n\n\n\n<h3 class=\"wp-block-heading\"><span class=\"ez-toc-section\" id=\"Enhanced_Durability\"><\/span>Durabilit\u00e9 am\u00e9lior\u00e9e<span class=\"ez-toc-section-end\"><\/span><\/h3>\n\n\n\n<p>De plus, les, <strong>portes sectionnelles industrielles<\/strong> \u00e9quip\u00e9es de petites portes pr\u00e9sentent des caract\u00e9ristiques de durabilit\u00e9 am\u00e9lior\u00e9es. Des m\u00e9canismes anti-rupture \u00e0 ressort de torsion aux charni\u00e8res galvanis\u00e9es, ces portes sont con\u00e7ues pour durer, garantissant des performances fiables m\u00eame dans des environnements industriels exigeants.<\/p>\n\n\n\n<figure class=\"wp-block-image aligncenter size-full\"><img decoding=\"async\" width=\"600\" height=\"400\" src=\"https:\/\/germanyseppes.com\/wp-content\/uploads\/2024\/02\/\u63d0\u53473.jpg\" alt=\"Les Portes Sectionnelles Commerciales\" class=\"wp-image-4230\" srcset=\"https:\/\/germanyseppes.com\/wp-content\/uploads\/2024\/02\/\u63d0\u53473.jpg 600w, https:\/\/germanyseppes.com\/wp-content\/uploads\/2024\/02\/\u63d0\u53473-300x200.jpg 300w\" sizes=\"(max-width: 600px) 100vw, 600px\" \/><\/figure>\n\n\n\n<p>En conclusion, l'int\u00e9gration de petites portes et fen\u00eatres dans les <strong>Les Portes Sectionnelles Commerciales<\/strong> offre une multitude d'avantages, allant d'un acc\u00e8s et d'un \u00e9clairage am\u00e9lior\u00e9s \u00e0 une s\u00e9curit\u00e9 et une esth\u00e9tique renforc\u00e9es. En comprenant les fonctionnalit\u00e9s diverses et les consid\u00e9rations de conception associ\u00e9es \u00e0 ces \u00e9l\u00e9ments, les entreprises peuvent prendre des d\u00e9cisions \u00e9clair\u00e9es pour optimiser leurs solutions de portes industrielles afin d'obtenir une efficacit\u00e9 et une long\u00e9vit\u00e9 maximales. Elle a coop\u00e9r\u00e9 avec plus de 60 entreprises du Fortune 500, telles que<a href=\"https:\/\/www.logitech.com\/\" target=\"_blank\" rel=\"noopener\"> Logitech Technology<\/a>, Thermo Fisher, AkzoNobel Coatings, Pfizer Pharmaceutical et d'autres soci\u00e9t\u00e9s renomm\u00e9es.<\/p>","protected":false},"excerpt":{"rendered":"<p>Introduction to Commercial Sectional Doors Commercial Sectional Doors have become indispensable in modern settings, offering not only convenience but also crucial roles in safety, insulation, and aesthetics. In this comprehensive guide, we delve into the significance of integrating small doors and windows into sectional overhead doors, exploring their multifaceted benefits. Small Doors: Facilitating Access Streamlined [&hellip;]<\/p>\n","protected":false},"author":2,"featured_media":4232,"comment_status":"open","ping_status":"open","sticky":false,"template":"","format":"standard","meta":{"_uag_custom_page_level_css":"","footnotes":""},"categories":[36],"tags":[],"class_list":["post-4228","post","type-post","status-publish","format-standard","has-post-thumbnail","hentry","category-sectional-door"],"blocksy_meta":[],"uagb_featured_image_src":{"full":["https:\/\/germanyseppes.com\/wp-content\/uploads\/2024\/02\/\u63d0\u5347\u95e87.jpg",820,550,false],"thumbnail":["https:\/\/germanyseppes.com\/wp-content\/uploads\/2024\/02\/\u63d0\u5347\u95e87-150x150.jpg",150,150,true],"medium":["https:\/\/germanyseppes.com\/wp-content\/uploads\/2024\/02\/\u63d0\u5347\u95e87-300x201.jpg",300,201,true],"medium_large":["https:\/\/germanyseppes.com\/wp-content\/uploads\/2024\/02\/\u63d0\u5347\u95e87-768x515.jpg",768,515,true],"large":["https:\/\/germanyseppes.com\/wp-content\/uploads\/2024\/02\/\u63d0\u5347\u95e87.jpg",820,550,false],"1536x1536":["https:\/\/germanyseppes.com\/wp-content\/uploads\/2024\/02\/\u63d0\u5347\u95e87.jpg",820,550,false],"2048x2048":["https:\/\/germanyseppes.com\/wp-content\/uploads\/2024\/02\/\u63d0\u5347\u95e87.jpg",820,550,false],"trp-custom-language-flag":["https:\/\/germanyseppes.com\/wp-content\/uploads\/2024\/02\/\u63d0\u5347\u95e87.jpg",18,12,false]},"uagb_author_info":{"display_name":"Summer Zhu","author_link":"https:\/\/germanyseppes.com\/fr\/author\/summer-zhu\/"},"uagb_comment_info":0,"uagb_excerpt":"Introduction to Commercial Sectional Doors Commercial Sectional Doors have become indispensable in modern settings, offering not only convenience but also crucial roles in safety, insulation, and aesthetics. In this comprehensive guide, we delve into the significance of integrating small doors and windows into sectional overhead doors, exploring their multifaceted benefits. Small Doors: Facilitating Access Streamlined\u2026","_links":{"self":[{"href":"https:\/\/germanyseppes.com\/fr\/wp-json\/wp\/v2\/posts\/4228","targetHints":{"allow":["GET"]}}],"collection":[{"href":"https:\/\/germanyseppes.com\/fr\/wp-json\/wp\/v2\/posts"}],"about":[{"href":"https:\/\/germanyseppes.com\/fr\/wp-json\/wp\/v2\/types\/post"}],"author":[{"embeddable":true,"href":"https:\/\/germanyseppes.com\/fr\/wp-json\/wp\/v2\/users\/2"}],"replies":[{"embeddable":true,"href":"https:\/\/germanyseppes.com\/fr\/wp-json\/wp\/v2\/comments?post=4228"}],"version-history":[{"count":1,"href":"https:\/\/germanyseppes.com\/fr\/wp-json\/wp\/v2\/posts\/4228\/revisions"}],"predecessor-version":[{"id":4233,"href":"https:\/\/germanyseppes.com\/fr\/wp-json\/wp\/v2\/posts\/4228\/revisions\/4233"}],"wp:featuredmedia":[{"embeddable":true,"href":"https:\/\/germanyseppes.com\/fr\/wp-json\/wp\/v2\/media\/4232"}],"wp:attachment":[{"href":"https:\/\/germanyseppes.com\/fr\/wp-json\/wp\/v2\/media?parent=4228"}],"wp:term":[{"taxonomy":"category","embeddable":true,"href":"https:\/\/germanyseppes.com\/fr\/wp-json\/wp\/v2\/categories?post=4228"},{"taxonomy":"post_tag","embeddable":true,"href":"https:\/\/germanyseppes.com\/fr\/wp-json\/wp\/v2\/tags?post=4228"}],"curies":[{"name":"wp","href":"https:\/\/api.w.org\/{rel}","templated":true}]}}