{"id":6564,"date":"2025-01-16T16:01:50","date_gmt":"2025-01-16T08:01:50","guid":{"rendered":"https:\/\/germanyseppes.com\/?p=6564"},"modified":"2025-01-16T16:01:51","modified_gmt":"2025-01-16T08:01:51","slug":"guide-des-portes-de-garage-electriques-sectionnelles","status":"publish","type":"post","link":"https:\/\/germanyseppes.com\/fr\/guide-to-sectional-electric-garage-doors\/","title":{"rendered":"Guide des portes de garage \u00e9lectriques sectionnelles"},"content":{"rendered":"<p>En ce qui concerne le choix d\u2019une porte de garage, les portes de garage sectionnelles \u00e9lectriques sont id\u00e9ales pour les environnements r\u00e9sidentiels et commerciaux en raison de leur haute s\u00e9curit\u00e9, de leur isolation sup\u00e9rieure et de leur durabilit\u00e9. Les portes de garage sectionnelles \u00e9lectriques am\u00e9liorent non seulement efficacement la fonctionnalit\u00e9 du garage, mais offrent \u00e9galement une meilleure exp\u00e9rience utilisateur. Avec la diversification des besoins, ce type de porte de garage est de plus en plus utilis\u00e9 dans une large gamme d\u2019applications, allant des garages r\u00e9sidentiels aux grands entrep\u00f4ts commerciaux et aux environnements \u00e0 temp\u00e9rature contr\u00f4l\u00e9e.<\/p>\n\n\n\n<p>Dans cet article, nous fournirons une analyse approfondie des caract\u00e9ristiques, des avantages et des sc\u00e9narios d\u2019application des portes de garage sectionnelles, ainsi que des conseils pour choisir la porte de garage la plus adapt\u00e9e \u00e0 vos besoins. Que vous souhaitiez am\u00e9liorer la s\u00e9curit\u00e9 de votre garage ou b\u00e9n\u00e9ficier d\u2019une meilleure isolation, vous trouverez la solution id\u00e9ale gr\u00e2ce \u00e0 ce guide.<\/p>\n\n\n\n<div id=\"ez-toc-container\" class=\"ez-toc-v2_0_73 counter-hierarchy ez-toc-counter ez-toc-grey ez-toc-container-direction\">\n<div class=\"ez-toc-title-container\">\n<p class=\"ez-toc-title\" style=\"cursor:inherit\">Table des mati\u00e8res<\/p>\n<span class=\"ez-toc-title-toggle\"><a href=\"#\" class=\"ez-toc-pull-right ez-toc-btn ez-toc-btn-xs ez-toc-btn-default ez-toc-toggle\" aria-label=\"Basculer la Table des Mati\u00e8res\"><span class=\"ez-toc-js-icon-con\"><span class=\"\"><span class=\"eztoc-hide\" style=\"display:none;\">Basculer<\/span><span class=\"ez-toc-icon-toggle-span\"><svg style=\"fill: #999;color:#999\" xmlns=\"http:\/\/www.w3.org\/2000\/svg\" class=\"list-377408\" width=\"20px\" height=\"20px\" viewbox=\"0 0 24 24\" fill=\"none\"><path d=\"M6 6H4v2h2V6zm14 0H8v2h12V6zM4 11h2v2H4v-2zm16 0H8v2h12v-2zM4 16h2v2H4v-2zm16 0H8v2h12v-2z\" fill=\"currentColor\"><\/path><\/svg><svg style=\"fill: #999;color:#999\" class=\"arrow-unsorted-368013\" xmlns=\"http:\/\/www.w3.org\/2000\/svg\" width=\"10px\" height=\"10px\" viewbox=\"0 0 24 24\" version=\"1.2\" baseprofile=\"tiny\"><path d=\"M18.2 9.3l-6.2-6.3-6.2 6.3c-.2.2-.3.4-.3.7s.1.5.3.7c.2.2.4.3.7.3h11c.3 0 .5-.1.7-.3.2-.2.3-.5.3-.7s-.1-.5-.3-.7zM5.8 14.7l6.2 6.3 6.2-6.3c.2-.2.3-.5.3-.7s-.1-.5-.3-.7c-.2-.2-.4-.3-.7-.3h-11c-.3 0-.5.1-.7.3-.2.2-.3.5-.3.7s.1.5.3.7z\"\/><\/svg><\/span><\/span><\/span><\/a><\/span><\/div>\n<nav><ul class='ez-toc-list ez-toc-list-level-1' ><li class='ez-toc-page-1 ez-toc-heading-level-2'><a class=\"ez-toc-link ez-toc-heading-1\" href=\"https:\/\/germanyseppes.com\/fr\/guide-to-sectional-electric-garage-doors\/#What_is_a_sectional_electric_garage_door\" title=\"Qu\u2019est-ce qu\u2019une porte de garage sectionnelle \u00e9lectrique ?\">Qu\u2019est-ce qu\u2019une porte de garage sectionnelle \u00e9lectrique ?<\/a><\/li><li class='ez-toc-page-1 ez-toc-heading-level-2'><a class=\"ez-toc-link ez-toc-heading-2\" href=\"https:\/\/germanyseppes.com\/fr\/guide-to-sectional-electric-garage-doors\/#Main_features_of_sectional_electric_garage_doors\" title=\"Principales caract\u00e9ristiques des portes de garage sectionnelles \u00e9lectriques\">Principales caract\u00e9ristiques des portes de garage sectionnelles \u00e9lectriques<\/a><ul class='ez-toc-list-level-3' ><li class='ez-toc-heading-level-3'><a class=\"ez-toc-link ez-toc-heading-3\" href=\"https:\/\/germanyseppes.com\/fr\/guide-to-sectional-electric-garage-doors\/#Panel_design_and_materials\" title=\"Conception des panneaux et mat\u00e9riaux\">Conception des panneaux et mat\u00e9riaux<\/a><\/li><li class='ez-toc-page-1 ez-toc-heading-level-3'><a class=\"ez-toc-link ez-toc-heading-4\" href=\"https:\/\/germanyseppes.com\/fr\/guide-to-sectional-electric-garage-doors\/#Electric_drives_and_operating_systems\" title=\"Motorisations \u00e9lectriques et syst\u00e8mes de commande\">Motorisations \u00e9lectriques et syst\u00e8mes de commande<\/a><\/li><\/ul><\/li><li class='ez-toc-page-1 ez-toc-heading-level-2'><a class=\"ez-toc-link ez-toc-heading-5\" href=\"https:\/\/germanyseppes.com\/fr\/guide-to-sectional-electric-garage-doors\/#Advantages_of_sectional_electric_garage_doors\" title=\"Avantages des portes de garage sectionnelles \u00e9lectriques\">Avantages des portes de garage sectionnelles \u00e9lectriques<\/a><ul class='ez-toc-list-level-3' ><li class='ez-toc-heading-level-3'><a class=\"ez-toc-link ez-toc-heading-6\" href=\"https:\/\/germanyseppes.com\/fr\/guide-to-sectional-electric-garage-doors\/#High_security\" title=\"S\u00e9curit\u00e9 \u00e9lev\u00e9e\">S\u00e9curit\u00e9 \u00e9lev\u00e9e<\/a><\/li><li class='ez-toc-page-1 ez-toc-heading-level-3'><a class=\"ez-toc-link ez-toc-heading-7\" href=\"https:\/\/germanyseppes.com\/fr\/guide-to-sectional-electric-garage-doors\/#Superior_Insulation_and_Energy_Efficiency\" title=\"Isolation sup\u00e9rieure et efficacit\u00e9 \u00e9nerg\u00e9tique\">Isolation sup\u00e9rieure et efficacit\u00e9 \u00e9nerg\u00e9tique<\/a><\/li><li class='ez-toc-page-1 ez-toc-heading-level-3'><a class=\"ez-toc-link ez-toc-heading-8\" href=\"https:\/\/germanyseppes.com\/fr\/guide-to-sectional-electric-garage-doors\/#Good_looks_and_customisability\" title=\"Esth\u00e9tique et personnalisation\">Esth\u00e9tique et personnalisation<\/a><\/li><\/ul><\/li><li class='ez-toc-page-1 ez-toc-heading-level-2'><a class=\"ez-toc-link ez-toc-heading-9\" href=\"https:\/\/germanyseppes.com\/fr\/guide-to-sectional-electric-garage-doors\/#Application_Scenarios_for_Sectional_Electric_Garage_Doors\" title=\"Sc\u00e9narios d\u2019application des portes de garage sectionnelles \u00e9lectriques\">Sc\u00e9narios d\u2019application des portes de garage sectionnelles \u00e9lectriques<\/a><ul class='ez-toc-list-level-3' ><li class='ez-toc-heading-level-3'><a class=\"ez-toc-link ez-toc-heading-10\" href=\"https:\/\/germanyseppes.com\/fr\/guide-to-sectional-electric-garage-doors\/#Residential_Garages\" title=\"Garages r\u00e9sidentiels\">Garages r\u00e9sidentiels<\/a><\/li><li class='ez-toc-page-1 ez-toc-heading-level-3'><a class=\"ez-toc-link ez-toc-heading-11\" href=\"https:\/\/germanyseppes.com\/fr\/guide-to-sectional-electric-garage-doors\/#Commercial_and_Industrial_Uses\" title=\"Utilisations commerciales et industrielles\">Utilisations commerciales et industrielles<\/a><\/li><li class='ez-toc-page-1 ez-toc-heading-level-3'><a class=\"ez-toc-link ez-toc-heading-12\" href=\"https:\/\/germanyseppes.com\/fr\/guide-to-sectional-electric-garage-doors\/#Temperature_controlled_environments\" title=\"Environnements \u00e0 temp\u00e9rature contr\u00f4l\u00e9e\">Environnements \u00e0 temp\u00e9rature contr\u00f4l\u00e9e<\/a><\/li><\/ul><\/li><li class='ez-toc-page-1 ez-toc-heading-level-2'><a class=\"ez-toc-link ez-toc-heading-13\" href=\"https:\/\/germanyseppes.com\/fr\/guide-to-sectional-electric-garage-doors\/#How_to_choose_the_right_sectional_electric_garage_door\" title=\"Comment choisir la porte de garage sectionnelle \u00e9lectrique adapt\u00e9e ?\">Comment choisir la porte de garage sectionnelle \u00e9lectrique adapt\u00e9e ?<\/a><ul class='ez-toc-list-level-3' ><li class='ez-toc-heading-level-3'><a class=\"ez-toc-link ez-toc-heading-14\" href=\"https:\/\/germanyseppes.com\/fr\/guide-to-sectional-electric-garage-doors\/#Consider_the_space_and_size_of_the_garage\" title=\"Tenir compte de l\u2019espace et des dimensions du garage\">Tenir compte de l\u2019espace et des dimensions du garage<\/a><\/li><li class='ez-toc-page-1 ez-toc-heading-level-3'><a class=\"ez-toc-link ez-toc-heading-15\" href=\"https:\/\/germanyseppes.com\/fr\/guide-to-sectional-electric-garage-doors\/#Material_Selection\" title=\"S\u00e9lection du mat\u00e9riau\">S\u00e9lection du mat\u00e9riau<\/a><\/li><li class='ez-toc-page-1 ez-toc-heading-level-3'><a class=\"ez-toc-link ez-toc-heading-16\" href=\"https:\/\/germanyseppes.com\/fr\/guide-to-sectional-electric-garage-doors\/#Insulation_needs\" title=\"Besoins en isolation\">Besoins en isolation<\/a><\/li><li class='ez-toc-page-1 ez-toc-heading-level-3'><a class=\"ez-toc-link ez-toc-heading-17\" href=\"https:\/\/germanyseppes.com\/fr\/guide-to-sectional-electric-garage-doors\/#Security_Needs\" title=\"Besoins en s\u00e9curit\u00e9\">Besoins en s\u00e9curit\u00e9<\/a><\/li><\/ul><\/li><li class='ez-toc-page-1 ez-toc-heading-level-2'><a class=\"ez-toc-link ez-toc-heading-18\" href=\"https:\/\/germanyseppes.com\/fr\/guide-to-sectional-electric-garage-doors\/#Conclusion\" title=\"Conclusion.\">Conclusion.<\/a><\/li><li class='ez-toc-page-1 ez-toc-heading-level-2'><a class=\"ez-toc-link ez-toc-heading-19\" href=\"https:\/\/germanyseppes.com\/fr\/guide-to-sectional-electric-garage-doors\/#Frequently_Asked_Questions_FAQ\" title=\"Questions fr\u00e9quemment pos\u00e9es (FAQ)\">Questions fr\u00e9quemment pos\u00e9es (FAQ)<\/a><\/li><\/ul><\/nav><\/div>\n<h2 class=\"wp-block-heading\"><span class=\"ez-toc-section\" id=\"What_is_a_sectional_electric_garage_door\"><\/span><strong>Qu\u2019est-ce qu\u2019une porte de garage sectionnelle \u00e9lectrique ?<\/strong><strong><\/strong><span class=\"ez-toc-section-end\"><\/span><\/h2>\n\n\n\n<figure class=\"wp-block-image aligncenter size-large is-resized\"><img fetchpriority=\"high\" decoding=\"async\" width=\"1024\" height=\"683\" src=\"https:\/\/germanyseppes.com\/wp-content\/uploads\/2025\/01\/panel-lift-garage-door-1024x683.jpg\" alt=\"Portes de garage sectionnelles \u00e9lectriques\" class=\"wp-image-6550\" style=\"object-fit:cover;width:600px;height:400px\" srcset=\"https:\/\/germanyseppes.com\/wp-content\/uploads\/2025\/01\/panel-lift-garage-door-1024x683.jpg 1024w, https:\/\/germanyseppes.com\/wp-content\/uploads\/2025\/01\/panel-lift-garage-door-300x200.jpg 300w, https:\/\/germanyseppes.com\/wp-content\/uploads\/2025\/01\/panel-lift-garage-door-768x512.jpg 768w, https:\/\/germanyseppes.com\/wp-content\/uploads\/2025\/01\/panel-lift-garage-door.jpg 1250w\" sizes=\"(max-width: 1024px) 100vw, 1024px\" \/><\/figure>\n\n\n\n<p>A<strong><a href=\"https:\/\/workshopdoor.com\/sectional-garage-door\/\" target=\"_blank\" rel=\"noopener\"> La porte de garage sectionnelle \u00e9lectrique<\/a><\/strong> est un mod\u00e8le de porte de garage moderne et polyvalent compos\u00e9 de plusieurs panneaux horizontaux. Ces panneaux s\u2019ouvrent par glissement le long d\u2019un syst\u00e8me de rails, et le corps de la porte se replie le long du plafond lors de l\u2019ouverture. La conception motoris\u00e9e permet une utilisation facile, \u00e9liminant la n\u00e9cessit\u00e9 pour l\u2019utilisateur d\u2019ouvrir et de fermer manuellement la porte, ce qui la rend id\u00e9ale pour les garages r\u00e9sidentiels et les entrep\u00f4ts commerciaux.<\/p>\n\n\n\n<h2 class=\"wp-block-heading\"><span class=\"ez-toc-section\" id=\"Main_features_of_sectional_electric_garage_doors\"><\/span><strong>Principales caract\u00e9ristiques des portes de garage sectionnelles \u00e9lectriques<\/strong><strong><\/strong><span class=\"ez-toc-section-end\"><\/span><\/h2>\n\n\n\n<h3 class=\"wp-block-heading\"><span class=\"ez-toc-section\" id=\"Panel_design_and_materials\"><\/span><strong>Conception des panneaux et mat\u00e9riaux<\/strong><strong><\/strong><span class=\"ez-toc-section-end\"><\/span><\/h3>\n\n\n\n<p>Les portes de garage sectionnelles \u00e9lectriques sont constitu\u00e9es de plusieurs panneaux horizontaux reli\u00e9s par des charni\u00e8res et glissant le long d\u2019un syst\u00e8me de rails. Lorsque la porte s\u2019ouvre, les panneaux se replient vers le haut du garage, \u00e9conomisant de l\u2019espace et assurant un fonctionnement fluide.<\/p>\n\n\n\n<p><strong>Les mat\u00e9riaux courants incluent :<\/strong><strong><\/strong><\/p>\n\n\n\n<p><strong>Acier : <\/strong>Offre r\u00e9sistance et durabilit\u00e9, adapt\u00e9 \u00e0 la plupart des environnements commerciaux et r\u00e9sidentiels.<\/p>\n\n\n\n<p><strong>Aluminium : <\/strong>L\u00e9ger et r\u00e9sistant \u00e0 la corrosion, adapt\u00e9 aux environnements \u00e0 usage fr\u00e9quent.<\/p>\n\n\n\n<p><strong>Bois :<\/strong>&nbsp;Offre une esth\u00e9tique et des options de personnalisation pour les garages r\u00e9sidentiels, adapt\u00e9 \u00e0 ceux qui exigent un aspect plus soign\u00e9.<\/p>\n\n\n\n<p><strong>Composite :<\/strong>&nbsp;Offre isolation et r\u00e9sistance au vent, adapt\u00e9 aux environnements n\u00e9cessitant un contr\u00f4le de la temp\u00e9rature et une s\u00e9curit\u00e9 \u00e9lev\u00e9e.<\/p>\n\n\n\n<p>Le choix de chaque mat\u00e9riau affecte les performances, l\u2019apparence et les besoins d\u2019entretien de la porte de garage, des d\u00e9cisions doivent donc \u00eatre prises en fonction des besoins sp\u00e9cifiques et du budget lors de la s\u00e9lection.<\/p>\n\n\n\n<h3 class=\"wp-block-heading\"><span class=\"ez-toc-section\" id=\"Electric_drives_and_operating_systems\"><\/span><strong>Motorisations \u00e9lectriques et syst\u00e8mes de commande<\/strong><strong><\/strong><span class=\"ez-toc-section-end\"><\/span><\/h3>\n\n\n\n<p>Les portes de garage sectionnelles \u00e9lectriques sont \u00e9quip\u00e9es d\u2019un syst\u00e8me d\u2019entra\u00eenement \u00e9lectrique pour plus de commodit\u00e9. Gr\u00e2ce \u00e0 un moteur \u00e9lectrique et \u00e0 un syst\u00e8me de t\u00e9l\u00e9commande, les utilisateurs peuvent facilement ouvrir et fermer la porte. Les modes d\u2019entra\u00eenement courants sont :<\/p>\n\n\n\n<p><strong>Entra\u00eenement par cha\u00eene : <\/strong>Co\u00fbt inf\u00e9rieur, adapt\u00e9 \u00e0 la plupart des garages r\u00e9sidentiels et commerciaux.<\/p>\n\n\n\n<p><strong>Entra\u00eenement par courroie : <\/strong>Fonctionnement plus fluide et moins bruyant, adapt\u00e9 aux environnements n\u00e9cessitant un fonctionnement silencieux.<\/p>\n\n\n\n<p><strong>Entra\u00eenement par vis :<\/strong>\u00a0Adapt\u00e9 aux grandes portes de garage, fournit une puissance \u00e9lev\u00e9e, id\u00e9al pour les portes lourdes ou les environnements \u00e0 usage fr\u00e9quent.<\/p>\n\n\n\n<p>Les syst\u00e8mes d\u2019entra\u00eenement \u00e9lectrique am\u00e9liorent non seulement la facilit\u00e9 d\u2019utilisation, mais r\u00e9duisent \u00e9galement la fr\u00e9quence d\u2019ouverture et de fermeture manuelles, en particulier dans les environnements commerciaux avec des entr\u00e9es et sorties fr\u00e9quentes.<\/p>\n\n\n\n<h2 class=\"wp-block-heading\"><span class=\"ez-toc-section\" id=\"Advantages_of_sectional_electric_garage_doors\"><\/span><strong>Avantages des portes de garage sectionnelles \u00e9lectriques<\/strong><strong><\/strong><span class=\"ez-toc-section-end\"><\/span><\/h2>\n\n\n\n<h3 class=\"wp-block-heading\"><span class=\"ez-toc-section\" id=\"High_security\"><\/span><strong>S\u00e9curit\u00e9 \u00e9lev\u00e9e<\/strong><strong><\/strong><span class=\"ez-toc-section-end\"><\/span><\/h3>\n\n\n\n<p>Les portes de garage sectionnelles \u00e9lectriques sont g\u00e9n\u00e9ralement fabriqu\u00e9es en acier robuste ou en alliage d\u2019aluminium, offrant une grande r\u00e9sistance aux chocs. La connexion \u00e9tanche entre les panneaux augmente la r\u00e9sistance \u00e0 l\u2019effraction. La structure de la porte r\u00e9siste non seulement aux intrusions ext\u00e9rieures, mais offre \u00e9galement une forte r\u00e9sistance au vent, en particulier par mauvais temps comme les temp\u00eates.<\/p>\n\n\n\n<p>De plus, les portes de garage sectionnelles peuvent \u00eatre \u00e9quip\u00e9es d\u2019un syst\u00e8me de verrouillage automatique pour renforcer davantage la s\u00e9curit\u00e9 et emp\u00eacher toute ouverture non autoris\u00e9e.<\/p>\n\n\n\n<h3 class=\"wp-block-heading\"><span class=\"ez-toc-section\" id=\"Superior_Insulation_and_Energy_Efficiency\"><\/span><strong>Isolation sup\u00e9rieure et efficacit\u00e9 \u00e9nerg\u00e9tique<\/strong><strong><\/strong><span class=\"ez-toc-section-end\"><\/span><\/h3>\n\n\n\n<p>Les portes de garage sectionnelles \u00e9lectriques sont g\u00e9n\u00e9ralement con\u00e7ues avec une isolation thermique, ce qui permet de pr\u00e9venir efficacement les pertes de chaleur et de maintenir une temp\u00e9rature stable \u00e0 l\u2019int\u00e9rieur du garage. Cela est particuli\u00e8rement important dans les environnements \u00e0 temp\u00e9rature contr\u00f4l\u00e9e (par exemple, chambres froides, entreposage alimentaire) et contribue \u00e0 r\u00e9duire la consommation d\u2019\u00e9nergie.<\/p>\n\n\n\n<p>En am\u00e9liorant l\u2019efficacit\u00e9 \u00e9nerg\u00e9tique, les portes de garage sectionnelles \u00e9lectriques permettent aux utilisateurs de r\u00e9aliser des \u00e9conomies substantielles sur leurs factures d\u2019\u00e9nergie \u00e0 long terme. L\u2019isolation est particuli\u00e8rement avantageuse dans les climats froids ou chauds.<\/p>\n\n\n\n<h3 class=\"wp-block-heading\"><span class=\"ez-toc-section\" id=\"Good_looks_and_customisability\"><\/span><strong>Esth\u00e9tique et personnalisation<\/strong><strong><\/strong><span class=\"ez-toc-section-end\"><\/span><\/h3>\n\n\n\n<p>Les portes de garage sectionnelles \u00e9lectriques peuvent \u00eatre hautement personnalis\u00e9es pour r\u00e9pondre aux besoins de l\u2019utilisateur, avec la flexibilit\u00e9 d\u2019ajuster les mat\u00e9riaux, les couleurs, les styles de conception et les dimensions de la porte. Les options en bois et composite rendent les portes de garage r\u00e9sidentielles plus d\u00e9coratives, tandis que les mat\u00e9riaux en acier et en aluminium sont plus pratiques et durables.<\/p>\n\n\n\n<p>Cette conception personnalis\u00e9e peut s\u2019adapter parfaitement aux styles architecturaux et aux besoins du garage, am\u00e9liorant l\u2019esth\u00e9tique et l\u2019efficacit\u00e9 globale.<\/p>\n\n\n\n<h2 class=\"wp-block-heading\"><span class=\"ez-toc-section\" id=\"Application_Scenarios_for_Sectional_Electric_Garage_Doors\"><\/span><strong>Sc\u00e9narios d\u2019application des portes de garage sectionnelles \u00e9lectriques<\/strong><strong><\/strong><span class=\"ez-toc-section-end\"><\/span><\/h2>\n\n\n\n<figure class=\"wp-block-image aligncenter size-full is-resized\"><img decoding=\"async\" width=\"600\" height=\"400\" src=\"https:\/\/germanyseppes.com\/wp-content\/uploads\/2024\/06\/\u672a\u6807\u9898-10-1.jpg\" alt=\"\" class=\"wp-image-4982\" style=\"object-fit:cover;width:600px;height:400px\" srcset=\"https:\/\/germanyseppes.com\/wp-content\/uploads\/2024\/06\/\u672a\u6807\u9898-10-1.jpg 600w, https:\/\/germanyseppes.com\/wp-content\/uploads\/2024\/06\/\u672a\u6807\u9898-10-1-300x200.jpg 300w\" sizes=\"(max-width: 600px) 100vw, 600px\" \/><\/figure>\n\n\n\n<h3 class=\"wp-block-heading\"><span class=\"ez-toc-section\" id=\"Residential_Garages\"><\/span><strong>Garages r\u00e9sidentiels<\/strong><strong><\/strong><span class=\"ez-toc-section-end\"><\/span><\/h3>\n\n\n\n<p>Pour les garages r\u00e9sidentiels, les portes de garage sectionnelles sont un choix populaire aupr\u00e8s des propri\u00e9taires en raison de leur s\u00e9curit\u00e9, de leur isolation et de leur polyvalence esth\u00e9tique. Elles am\u00e9liorent non seulement l\u2019apparence de la maison, mais augmentent \u00e9galement efficacement la s\u00e9curit\u00e9 du garage et offrent un meilleur contr\u00f4le de la temp\u00e9rature.<\/p>\n\n\n\n<h3 class=\"wp-block-heading\"><span class=\"ez-toc-section\" id=\"Commercial_and_Industrial_Uses\"><\/span><strong>Utilisations commerciales et industrielles<\/strong><strong><\/strong><span class=\"ez-toc-section-end\"><\/span><\/h3>\n\n\n\n<p>Les portes de garage sectionnelles \u00e9lectriques conviennent aux sites commerciaux et industriels tels que les entrep\u00f4ts, les centres logistiques, les ateliers, etc., qui n\u00e9cessitent une s\u00e9curit\u00e9 et une r\u00e9sistance au vent \u00e9lev\u00e9es. Gr\u00e2ce \u00e0 leur construction robuste, elles peuvent supporter une utilisation \u00e0 haute fr\u00e9quence et des conditions m\u00e9t\u00e9orologiques extr\u00eames, ce qui les rend adapt\u00e9es aux environnements commerciaux \u00e0 fort trafic.<\/p>\n\n\n\n<h3 class=\"wp-block-heading\"><span class=\"ez-toc-section\" id=\"Temperature_controlled_environments\"><\/span><strong>Environnements \u00e0 temp\u00e9rature contr\u00f4l\u00e9e<\/strong><strong><\/strong><span class=\"ez-toc-section-end\"><\/span><\/h3>\n\n\n\n<p>Pour les environnements n\u00e9cessitant une temp\u00e9rature constante, comme les chambres froides, l\u2019entreposage alimentaire, le stockage pharmaceutique, etc., l\u2019isolation et l\u2019efficacit\u00e9 \u00e9nerg\u00e9tique des portes de garage sectionnelles \u00e9lectriques peuvent r\u00e9duire efficacement le gaspillage d\u2019\u00e9nergie et maintenir une temp\u00e9rature stable.<\/p>\n\n\n\n<h2 class=\"wp-block-heading\"><span class=\"ez-toc-section\" id=\"How_to_choose_the_right_sectional_electric_garage_door\"><\/span><strong>Comment choisir la porte de garage sectionnelle \u00e9lectrique adapt\u00e9e ?<\/strong><strong><\/strong><span class=\"ez-toc-section-end\"><\/span><\/h2>\n\n\n\n<h3 class=\"wp-block-heading\"><span class=\"ez-toc-section\" id=\"Consider_the_space_and_size_of_the_garage\"><\/span><strong>Tenir compte de l\u2019espace et des dimensions du garage<\/strong><strong><\/strong><span class=\"ez-toc-section-end\"><\/span><\/h3>\n\n\n\n<p>Choisissez la porte de garage sectionnelle \u00e9lectrique adapt\u00e9e en fonction de l\u2019espace du garage et des dimensions du corps de la porte. Assurez-vous que la taille du corps de la porte correspond \u00e0 l\u2019ouverture du garage pour \u00e9viter une installation ou un fonctionnement infructueux en raison de dimensions inappropri\u00e9es.<\/p>\n\n\n\n<h3 class=\"wp-block-heading\"><span class=\"ez-toc-section\" id=\"Material_Selection\"><\/span><strong>S\u00e9lection du mat\u00e9riau<\/strong><strong><\/strong><span class=\"ez-toc-section-end\"><\/span><\/h3>\n\n\n\n<p>Choisissez le mat\u00e9riau appropri\u00e9 en fonction de vos besoins. Si vous avez des exigences \u00e9lev\u00e9es en mati\u00e8re d\u2019apparence, vous pouvez opter pour le bois ou les mat\u00e9riaux composites ; si vous accordez plus d\u2019importance \u00e0 la durabilit\u00e9 et \u00e0 la r\u00e9sistance \u00e0 la corrosion, l\u2019acier et l\u2019alliage d\u2019aluminium sont de meilleurs choix.<\/p>\n\n\n\n<h3 class=\"wp-block-heading\"><span class=\"ez-toc-section\" id=\"Insulation_needs\"><\/span><strong>Besoins en isolation<\/strong><strong><\/strong><span class=\"ez-toc-section-end\"><\/span><\/h3>\n\n\n\n<p>Si votre garage n\u00e9cessite un contr\u00f4le de la temp\u00e9rature, il est important de choisir une porte de garage sectionnelle \u00e9lectrique avec isolation. L\u2019isolation am\u00e9liore l\u2019efficacit\u00e9 \u00e9nerg\u00e9tique et maintient une temp\u00e9rature stable dans le garage.<\/p>\n\n\n\n<h3 class=\"wp-block-heading\"><span class=\"ez-toc-section\" id=\"Security_Needs\"><\/span><strong>Besoins en s\u00e9curit\u00e9<\/strong><strong><\/strong><span class=\"ez-toc-section-end\"><\/span><\/h3>\n\n\n\n<p>Si vous avez besoin d\u2019une s\u00e9curit\u00e9 accrue dans votre garage, choisissez des portes de garage sectionnelles avec syst\u00e8mes de verrouillage automatique et conceptions anti-intrusion pour garantir la s\u00e9curit\u00e9 de votre garage.<\/p>\n\n\n\n<h2 class=\"wp-block-heading\"><span class=\"ez-toc-section\" id=\"Conclusion\"><\/span><strong>Conclusion.<\/strong><strong><\/strong><span class=\"ez-toc-section-end\"><\/span><\/h2>\n\n\n\n<p>Les portes de garage sectionnelles sont un choix tr\u00e8s populaire pour les environnements r\u00e9sidentiels et commerciaux en raison de leur haute s\u00e9curit\u00e9, de leur isolation sup\u00e9rieure et de leur conception personnalis\u00e9e. Elles am\u00e9liorent non seulement l\u2019esth\u00e9tique de votre garage, mais augmentent \u00e9galement la s\u00e9curit\u00e9 et permettent des \u00e9conomies sur les factures d\u2019\u00e9nergie. Que ce soit pour un garage domestique, un entrep\u00f4t ou un environnement sp\u00e9cialis\u00e9 n\u00e9cessitant un contr\u00f4le de la temp\u00e9rature, les portes de garage sectionnelles \u00e9lectriques offrent la solution id\u00e9ale.<\/p>\n\n\n\n<p>Lors du choix, vous devez prendre la meilleure d\u00e9cision en fonction de l\u2019espace de votre garage, des exigences en mati\u00e8re de mat\u00e9riaux, des besoins d\u2019isolation et des exigences de s\u00e9curit\u00e9, afin de garantir que la porte choisie r\u00e9pondra \u00e0 vos besoins \u00e0 long terme.<\/p>\n\n\n\n<h2 class=\"wp-block-heading\"><span class=\"ez-toc-section\" id=\"Frequently_Asked_Questions_FAQ\"><\/span><strong>Questions fr\u00e9quemment pos\u00e9es (FAQ)<\/strong><strong><\/strong><span class=\"ez-toc-section-end\"><\/span><\/h2>\n\n\n\n<p><strong>\u00c0 quels environnements les portes de garage sectionnelles \u00e9lectriques sont-elles adapt\u00e9es ?<\/strong><strong><\/strong><\/p>\n\n\n\n<p>R\u00e9ponse : Les portes de garage sectionnelles \u00e9lectriques conviennent aux garages r\u00e9sidentiels, aux b\u00e2timents commerciaux, aux entrep\u00f4ts \u00e0 temp\u00e9rature contr\u00f4l\u00e9e et \u00e0 d\u2019autres environnements n\u00e9cessitant une s\u00e9curit\u00e9 \u00e9lev\u00e9e, une meilleure isolation thermique et une utilisation \u00e0 long terme.<\/p>\n\n\n\n<p><strong>Quelle est la performance d\u2019isolation thermique d\u2019une porte de garage sectionnelle \u00e9lectrique ?<\/strong><strong><\/strong><\/p>\n\n\n\n<p>R\u00e9ponse : Les portes de garage sectionnelles \u00e9lectriques avec isolation offrent une excellente isolation thermique pour maintenir une temp\u00e9rature stable \u00e0 l\u2019int\u00e9rieur du garage, adapt\u00e9es aux chambres froides ou aux environnements n\u00e9cessitant un contr\u00f4le de la temp\u00e9rature.<\/p>\n\n\n\n<p><strong>Quel est le niveau de s\u00e9curit\u00e9 des portes de garage sectionnelles ?<\/strong><\/p>\n\n\n\n<p>R\u00e9ponse : <strong><a href=\"https:\/\/germanyseppes.com\/fr\/porte-sectionnelle\/\">Les portes sectionnelles<\/a><\/strong> Elles offrent une s\u00e9curit\u00e9 \u00e9lev\u00e9e, avec des mat\u00e9riaux robustes et des panneaux con\u00e7us pour r\u00e9sister aux impacts ext\u00e9rieurs, et peuvent \u00eatre \u00e9quip\u00e9es d\u2019un syst\u00e8me de verrouillage automatique.<\/p>\n\n\n\n<p><strong>Comment entretenir les portes de garage sectionnelles \u00e9lectriques ?<\/strong><strong><\/strong><\/p>\n\n\n\n<p>R\u00e9ponse : Nettoyez et lubrifiez r\u00e9guli\u00e8rement le corps de la porte, le syst\u00e8me de rails et v\u00e9rifiez le moteur \u00e9lectrique. Une inspection compl\u00e8te une fois par an contribuera \u00e0 prolonger la dur\u00e9e de vie.<\/p>\n\n\n\n<p><strong>La porte de garage sectionnelle \u00e9lectrique est-elle adapt\u00e9e \u00e0 une utilisation \u00e0 haute fr\u00e9quence ?<\/strong><strong><\/strong><\/p>\n\n\n\n<p>R\u00e9ponse : Oui, les portes de garage sectionnelles \u00e9lectriques conviennent \u00e0 une utilisation \u00e0 haute fr\u00e9quence, en particulier dans les environnements n\u00e9cessitant s\u00e9curit\u00e9 et isolation, comme les garages commerciaux et les locaux industriels.<\/p>\n\n\n\n<p><\/p>","protected":false},"excerpt":{"rendered":"<p>When it comes to choosing a garage door, sectional electric garage doors are ideal for both residential and commercial environments due to their high security, superior insulation, and durability. Sectional electric garage doors not only effectively enhance the functionality of the garage, but also provide a better user experience. With the diversification of needs, this [&hellip;]<\/p>\n","protected":false},"author":2,"featured_media":4014,"comment_status":"open","ping_status":"open","sticky":false,"template":"","format":"standard","meta":{"_uag_custom_page_level_css":"","footnotes":""},"categories":[45],"tags":[],"class_list":["post-6564","post","type-post","status-publish","format-standard","has-post-thumbnail","hentry","category-industrial-door"],"blocksy_meta":[],"uagb_featured_image_src":{"full":["https:\/\/germanyseppes.com\/wp-content\/uploads\/2024\/01\/4-2.jpg",600,400,false],"thumbnail":["https:\/\/germanyseppes.com\/wp-content\/uploads\/2024\/01\/4-2-150x150.jpg",150,150,true],"medium":["https:\/\/germanyseppes.com\/wp-content\/uploads\/2024\/01\/4-2-300x200.jpg",300,200,true],"medium_large":["https:\/\/germanyseppes.com\/wp-content\/uploads\/2024\/01\/4-2.jpg",600,400,false],"large":["https:\/\/germanyseppes.com\/wp-content\/uploads\/2024\/01\/4-2.jpg",600,400,false],"1536x1536":["https:\/\/germanyseppes.com\/wp-content\/uploads\/2024\/01\/4-2.jpg",600,400,false],"2048x2048":["https:\/\/germanyseppes.com\/wp-content\/uploads\/2024\/01\/4-2.jpg",600,400,false],"trp-custom-language-flag":["https:\/\/germanyseppes.com\/wp-content\/uploads\/2024\/01\/4-2.jpg",18,12,false]},"uagb_author_info":{"display_name":"Summer Zhu","author_link":"https:\/\/germanyseppes.com\/fr\/author\/summer-zhu\/"},"uagb_comment_info":0,"uagb_excerpt":"When it comes to choosing a garage door, sectional electric garage doors are ideal for both residential and commercial environments due to their high security, superior insulation, and durability. Sectional electric garage doors not only effectively enhance the functionality of the garage, but also provide a better user experience. With the diversification of needs, this\u2026","_links":{"self":[{"href":"https:\/\/germanyseppes.com\/fr\/wp-json\/wp\/v2\/posts\/6564","targetHints":{"allow":["GET"]}}],"collection":[{"href":"https:\/\/germanyseppes.com\/fr\/wp-json\/wp\/v2\/posts"}],"about":[{"href":"https:\/\/germanyseppes.com\/fr\/wp-json\/wp\/v2\/types\/post"}],"author":[{"embeddable":true,"href":"https:\/\/germanyseppes.com\/fr\/wp-json\/wp\/v2\/users\/2"}],"replies":[{"embeddable":true,"href":"https:\/\/germanyseppes.com\/fr\/wp-json\/wp\/v2\/comments?post=6564"}],"version-history":[{"count":1,"href":"https:\/\/germanyseppes.com\/fr\/wp-json\/wp\/v2\/posts\/6564\/revisions"}],"predecessor-version":[{"id":6565,"href":"https:\/\/germanyseppes.com\/fr\/wp-json\/wp\/v2\/posts\/6564\/revisions\/6565"}],"wp:featuredmedia":[{"embeddable":true,"href":"https:\/\/germanyseppes.com\/fr\/wp-json\/wp\/v2\/media\/4014"}],"wp:attachment":[{"href":"https:\/\/germanyseppes.com\/fr\/wp-json\/wp\/v2\/media?parent=6564"}],"wp:term":[{"taxonomy":"category","embeddable":true,"href":"https:\/\/germanyseppes.com\/fr\/wp-json\/wp\/v2\/categories?post=6564"},{"taxonomy":"post_tag","embeddable":true,"href":"https:\/\/germanyseppes.com\/fr\/wp-json\/wp\/v2\/tags?post=6564"}],"curies":[{"name":"wp","href":"https:\/\/api.w.org\/{rel}","templated":true}]}}