{"id":6774,"date":"2025-06-27T17:26:47","date_gmt":"2025-06-27T09:26:47","guid":{"rendered":"https:\/\/germanyseppes.com\/?p=6774"},"modified":"2025-06-27T17:26:50","modified_gmt":"2025-06-27T09:26:50","slug":"analyse-professionnelle-de-lapplication-de-la-porte-sectionnelle-compacte-une-solution-efficace-pour-les-portes-de-grands-ateliers-industriels","status":"publish","type":"post","link":"https:\/\/germanyseppes.com\/fr\/compact-sectional-door-professional-application-analysis-an-efficient-solution-for-large-industrial-workshop-doors\/","title":{"rendered":"Analyse d'Application Professionnelle de Porte Sectionnelle Compacte : Une Solution Efficace pour les Portes de Grands Ateliers Industriels"},"content":{"rendered":"<div id=\"ez-toc-container\" class=\"ez-toc-v2_0_73 counter-hierarchy ez-toc-counter ez-toc-grey ez-toc-container-direction\">\n<div class=\"ez-toc-title-container\">\n<p class=\"ez-toc-title\" style=\"cursor:inherit\">Table des mati\u00e8res<\/p>\n<span class=\"ez-toc-title-toggle\"><a href=\"#\" class=\"ez-toc-pull-right ez-toc-btn ez-toc-btn-xs ez-toc-btn-default ez-toc-toggle\" aria-label=\"Basculer la Table des Mati\u00e8res\"><span class=\"ez-toc-js-icon-con\"><span class=\"\"><span class=\"eztoc-hide\" style=\"display:none;\">Basculer<\/span><span class=\"ez-toc-icon-toggle-span\"><svg style=\"fill: #999;color:#999\" xmlns=\"http:\/\/www.w3.org\/2000\/svg\" class=\"list-377408\" width=\"20px\" height=\"20px\" viewbox=\"0 0 24 24\" fill=\"none\"><path d=\"M6 6H4v2h2V6zm14 0H8v2h12V6zM4 11h2v2H4v-2zm16 0H8v2h12v-2zM4 16h2v2H4v-2zm16 0H8v2h12v-2z\" fill=\"currentColor\"><\/path><\/svg><svg style=\"fill: #999;color:#999\" class=\"arrow-unsorted-368013\" xmlns=\"http:\/\/www.w3.org\/2000\/svg\" width=\"10px\" height=\"10px\" viewbox=\"0 0 24 24\" version=\"1.2\" baseprofile=\"tiny\"><path d=\"M18.2 9.3l-6.2-6.3-6.2 6.3c-.2.2-.3.4-.3.7s.1.5.3.7c.2.2.4.3.7.3h11c.3 0 .5-.1.7-.3.2-.2.3-.5.3-.7s-.1-.5-.3-.7zM5.8 14.7l6.2 6.3 6.2-6.3c.2-.2.3-.5.3-.7s-.1-.5-.3-.7c-.2-.2-.4-.3-.7-.3h-11c-.3 0-.5.1-.7.3-.2.2-.3.5-.3.7s.1.5.3.7z\"\/><\/svg><\/span><\/span><\/span><\/a><\/span><\/div>\n<nav><ul class='ez-toc-list ez-toc-list-level-1' ><li class='ez-toc-page-1 ez-toc-heading-level-2'><a class=\"ez-toc-link ez-toc-heading-1\" href=\"https:\/\/germanyseppes.com\/fr\/compact-sectional-door-professional-application-analysis-an-efficient-solution-for-large-industrial-workshop-doors\/#What_is_a_Compact_Sectional_Door\" title=\"Qu&#039;est-ce qu&#039;une porte sectionnelle compacte ?\">Qu'est-ce qu'une porte sectionnelle compacte ?<\/a><\/li><li class='ez-toc-page-1 ez-toc-heading-level-2'><a class=\"ez-toc-link ez-toc-heading-2\" href=\"https:\/\/germanyseppes.com\/fr\/compact-sectional-door-professional-application-analysis-an-efficient-solution-for-large-industrial-workshop-doors\/#Project_Case_Study_Main_EntranceExit_Configuration_for_Changzhou_Workshop_with_6300%C3%977600_Industrial_Lift_Door\" title=\"\u00c9tude de cas : Configuration de l&#039;entr\u00e9e\/sortie principale de l&#039;atelier de Changzhou avec une porte industrielle \u00e0 levage 6300\u00d77600\">\u00c9tude de cas : Configuration de l'entr\u00e9e\/sortie principale de l'atelier de Changzhou avec une porte industrielle \u00e0 levage 6300\u00d77600<\/a><ul class='ez-toc-list-level-3' ><li class='ez-toc-heading-level-3'><a class=\"ez-toc-link ez-toc-heading-3\" href=\"https:\/\/germanyseppes.com\/fr\/compact-sectional-door-professional-application-analysis-an-efficient-solution-for-large-industrial-workshop-doors\/#Project_Overview\" title=\"**Pr\u00e9sentation du projet**\">**Pr\u00e9sentation du projet**<\/a><\/li><li class='ez-toc-page-1 ez-toc-heading-level-3'><a class=\"ez-toc-link ez-toc-heading-4\" href=\"https:\/\/germanyseppes.com\/fr\/compact-sectional-door-professional-application-analysis-an-efficient-solution-for-large-industrial-workshop-doors\/#Technical_Specifications_and_Parameters\" title=\"Sp\u00e9cifications et param\u00e8tres techniques\">Sp\u00e9cifications et param\u00e8tres techniques<\/a><\/li><\/ul><\/li><li class='ez-toc-page-1 ez-toc-heading-level-2'><a class=\"ez-toc-link ez-toc-heading-5\" href=\"https:\/\/germanyseppes.com\/fr\/compact-sectional-door-professional-application-analysis-an-efficient-solution-for-large-industrial-workshop-doors\/#Key_Advantages_of_Compact_Sectional_Doors\" title=\"Principaux avantages des portes sectionnelles compactes\">Principaux avantages des portes sectionnelles compactes<\/a><ul class='ez-toc-list-level-3' ><li class='ez-toc-heading-level-3'><a class=\"ez-toc-link ez-toc-heading-6\" href=\"https:\/\/germanyseppes.com\/fr\/compact-sectional-door-professional-application-analysis-an-efficient-solution-for-large-industrial-workshop-doors\/#Vertical_Lift_Saving_Top_Space\" title=\"Levage vertical, \u00e9conomisant l&#039;espace sup\u00e9rieur\">Levage vertical, \u00e9conomisant l'espace sup\u00e9rieur<\/a><\/li><li class='ez-toc-page-1 ez-toc-heading-level-3'><a class=\"ez-toc-link ez-toc-heading-7\" href=\"https:\/\/germanyseppes.com\/fr\/compact-sectional-door-professional-application-analysis-an-efficient-solution-for-large-industrial-workshop-doors\/#The_door_structure_is_robust_and_suitable_for_large-scale_applications\" title=\"La structure de la porte est robuste et adapt\u00e9e aux applications \u00e0 grande \u00e9chelle.\">La structure de la porte est robuste et adapt\u00e9e aux applications \u00e0 grande \u00e9chelle.<\/a><\/li><li class='ez-toc-page-1 ez-toc-heading-level-3'><a class=\"ez-toc-link ez-toc-heading-8\" href=\"https:\/\/germanyseppes.com\/fr\/compact-sectional-door-professional-application-analysis-an-efficient-solution-for-large-industrial-workshop-doors\/#High-security_design\" title=\"Conception haute s\u00e9curit\u00e9\">Conception haute s\u00e9curit\u00e9<\/a><\/li><li class='ez-toc-page-1 ez-toc-heading-level-3'><a class=\"ez-toc-link ez-toc-heading-9\" href=\"https:\/\/germanyseppes.com\/fr\/compact-sectional-door-professional-application-analysis-an-efficient-solution-for-large-industrial-workshop-doors\/#Visual_customization_for_a_unified_appearance_of_the_factory_area\" title=\"Personnalisation visuelle pour une apparence unifi\u00e9e de la zone d&#039;usine\">Personnalisation visuelle pour une apparence unifi\u00e9e de la zone d'usine<\/a><\/li><\/ul><\/li><li class='ez-toc-page-1 ez-toc-heading-level-2'><a class=\"ez-toc-link ez-toc-heading-10\" href=\"https:\/\/germanyseppes.com\/fr\/compact-sectional-door-professional-application-analysis-an-efficient-solution-for-large-industrial-workshop-doors\/#Typical_applications_for_compact_sectional_doors\" title=\"Applications typiques des portes sectionnelles compactes\">Applications typiques des portes sectionnelles compactes<\/a><\/li><li class='ez-toc-page-1 ez-toc-heading-level-2'><a class=\"ez-toc-link ez-toc-heading-11\" href=\"https:\/\/germanyseppes.com\/fr\/compact-sectional-door-professional-application-analysis-an-efficient-solution-for-large-industrial-workshop-doors\/#Comparison_with_traditional_industrial_doors\" title=\"Comparaison avec les portes industrielles traditionnelles\">Comparaison avec les portes industrielles traditionnelles<\/a><\/li><li class='ez-toc-page-1 ez-toc-heading-level-2'><a class=\"ez-toc-link ez-toc-heading-12\" href=\"https:\/\/germanyseppes.com\/fr\/compact-sectional-door-professional-application-analysis-an-efficient-solution-for-large-industrial-workshop-doors\/#Installation_and_Maintenance_Recommendations\" title=\"**Recommandations d&#039;Installation et de Maintenance**\">**Recommandations d'Installation et de Maintenance**<\/a><ul class='ez-toc-list-level-3' ><li class='ez-toc-heading-level-3'><a class=\"ez-toc-link ez-toc-heading-13\" href=\"https:\/\/germanyseppes.com\/fr\/compact-sectional-door-professional-application-analysis-an-efficient-solution-for-large-industrial-workshop-doors\/#Installation_Requirements\" title=\"Exigences d&#039;installation\">Exigences d'installation<\/a><\/li><li class='ez-toc-page-1 ez-toc-heading-level-3'><a class=\"ez-toc-link ez-toc-heading-14\" href=\"https:\/\/germanyseppes.com\/fr\/compact-sectional-door-professional-application-analysis-an-efficient-solution-for-large-industrial-workshop-doors\/#Maintenance_Points\" title=\"Points de maintenance\">Points de maintenance<\/a><\/li><\/ul><\/li><li class='ez-toc-page-1 ez-toc-heading-level-2'><a class=\"ez-toc-link ez-toc-heading-15\" href=\"https:\/\/germanyseppes.com\/fr\/compact-sectional-door-professional-application-analysis-an-efficient-solution-for-large-industrial-workshop-doors\/#Selection_Recommendations_and_Parameter_Configuration_Reference\" title=\"Recommandations de s\u00e9lection et r\u00e9f\u00e9rence de configuration des param\u00e8tres\">Recommandations de s\u00e9lection et r\u00e9f\u00e9rence de configuration des param\u00e8tres<\/a><\/li><li class='ez-toc-page-1 ez-toc-heading-level-2'><a class=\"ez-toc-link ez-toc-heading-16\" href=\"https:\/\/germanyseppes.com\/fr\/compact-sectional-door-professional-application-analysis-an-efficient-solution-for-large-industrial-workshop-doors\/#FAQ\" title=\"FAQ &nbsp;\">FAQ &nbsp;<\/a><\/li><\/ul><\/nav><\/div>\n<h2 class=\"wp-block-heading\"><span class=\"ez-toc-section\" id=\"What_is_a_Compact_Sectional_Door\"><\/span><strong>Qu'est-ce qu'une porte sectionnelle compacte ?<\/strong><strong><\/strong><span class=\"ez-toc-section-end\"><\/span><\/h2>\n\n\n\n<p>A <strong><a href=\"https:\/\/germanyseppes.com\/fr\/porte-sectionnelle\/\">La porte sectionnelle compacte <\/a><\/strong>est un syst\u00e8me de porte haute performance con\u00e7u sp\u00e9cifiquement pour les usines industrielles, entrep\u00f4ts, centres logistiques et autres installations similaires. Compar\u00e9e aux portes sectionnelles traditionnelles ou aux rideaux \u00e0 enroulement, elle se caract\u00e9rise par une structure modulaire de panneaux segment\u00e9s et une conception de rail de levage vertical, permettant un fonctionnement stable, \u00e0 haute fr\u00e9quence et \u00e0 haute \u00e9tanch\u00e9it\u00e9 dans des espaces limit\u00e9s, et est adapt\u00e9e \u00e0 divers environnements structurels complexes.<\/p>\n\n\n\n<p>En configurant de mani\u00e8re optimale les structures de rail, les syst\u00e8mes de contr\u00f4le \u00e9lectrique et les composants de s\u00e9curit\u00e9, la porte sectionnelle compacte garantit une utilisation efficace de l'espace tout en offrant une ouverture\/fermeture rapide, d'excellentes performances de r\u00e9sistance au vent et d'isolation thermique, ainsi qu'un effet d'int\u00e9gration visuelle homog\u00e8ne.<\/p>\n\n\n\n<h2 class=\"wp-block-heading\"><span class=\"ez-toc-section\" id=\"Project_Case_Study_Main_EntranceExit_Configuration_for_Changzhou_Workshop_with_6300%C3%977600_Industrial_Lift_Door\"><\/span><strong>\u00c9tude de cas : Configuration de l'entr\u00e9e\/sortie principale de l'atelier de Changzhou avec une porte industrielle \u00e0 levage 6300\u00d77600<\/strong><strong><\/strong><span class=\"ez-toc-section-end\"><\/span><\/h2>\n\n\n\n<figure class=\"wp-block-image aligncenter size-full is-resized\"><img fetchpriority=\"high\" decoding=\"async\" width=\"820\" height=\"550\" src=\"https:\/\/germanyseppes.com\/wp-content\/uploads\/2024\/01\/\u63d0\u53474-3.jpg\" alt=\"Porte Sectionnelle\" class=\"wp-image-4050\" style=\"object-fit:cover;width:600px;height:400px\" srcset=\"https:\/\/germanyseppes.com\/wp-content\/uploads\/2024\/01\/\u63d0\u53474-3.jpg 820w, https:\/\/germanyseppes.com\/wp-content\/uploads\/2024\/01\/\u63d0\u53474-3-300x201.jpg 300w, https:\/\/germanyseppes.com\/wp-content\/uploads\/2024\/01\/\u63d0\u53474-3-768x515.jpg 768w\" sizes=\"(max-width: 820px) 100vw, 820px\" \/><figcaption class=\"wp-element-caption\">Porte Sectionnelle Compacte <\/figcaption><\/figure>\n\n\n\n<h3 class=\"wp-block-heading\"><span class=\"ez-toc-section\" id=\"Project_Overview\"><\/span><strong>**Pr\u00e9sentation du projet**<\/strong><strong><\/strong><span class=\"ez-toc-section-end\"><\/span><\/h3>\n\n\n\n<p><strong>Zone d'application : <\/strong>Entr\u00e9e\/Sortie Principale du B\u00e2timent Industriel<\/p>\n\n\n\n<p><strong>**Type de porte :**<\/strong> Porte Sectionnelle Compacte<\/p>\n\n\n\n<p><strong>Dimensions de la porte : <\/strong>Largeur 6300 mm \u00d7 Hauteur 7600 mm<\/p>\n\n\n\n<p><strong>Couleur du panneau :<\/strong> RAL9006 (Gris argent\u00e9 m\u00e9tallis\u00e9), en harmonie avec l'esth\u00e9tique du b\u00e2timent<\/p>\n\n\n\n<p><strong>Exigences principales :<\/strong> Utilisation \u00e0 haute fr\u00e9quence, levage vertical, conception \u00e9conome en espace, protection de s\u00e9curit\u00e9, attrait esth\u00e9tique et durabilit\u00e9<\/p>\n\n\n\n<h3 class=\"wp-block-heading\"><span class=\"ez-toc-section\" id=\"Technical_Specifications_and_Parameters\"><\/span><strong>Sp\u00e9cifications et param\u00e8tres techniques<\/strong><strong><\/strong><span class=\"ez-toc-section-end\"><\/span><\/h3>\n\n\n\n<figure class=\"wp-block-table is-style-stripes\"><table class=\"has-fixed-layout\"><tbody><tr><td>Article du projet<\/td><td>D\u00e9tails de configuration sp\u00e9cifiques<\/td><\/tr><tr><td>Structure du panneau de porte<\/td><td>T\u00f4les d'acier laqu\u00e9es double couche + remplissage en mousse de polyur\u00e9thane haute densit\u00e9, \u00e9paisseur 40mm (structure anti-pincement)<\/td><\/tr><tr><td>**M\u00e9thode de levage**<\/td><td>Levage vertical (syst\u00e8me de rail compact), pas de rail horizontal sup\u00e9rieur<\/td><\/tr><tr><td>Traitement de surface<\/td><td>Rev\u00eatement de peinture m\u00e9tallique, couleur RAL9006, r\u00e9sistant aux intemp\u00e9ries et \u00e0 la corrosion<\/td><\/tr><tr><td>Syst\u00e8me de moteur<\/td><td>Moteur de qualit\u00e9 industrielle + interrupteur de fin de course + panneau de contr\u00f4le, prend en charge l'op\u00e9ration par bouton<\/td><\/tr><tr><td>Composants de s\u00e9curit\u00e9<\/td><td>Anti-chute par c\u00e2ble d'acier, anti-rupture de ressort, photod\u00e9tecteur infrarouge, tampon de s\u00e9curit\u00e9 en bas de porte<\/td><\/tr><tr><td>Classe de r\u00e9sistance au vent<\/td><td>\u2265 grade 10, adapt\u00e9e aux ouvertures de porte extra-hautes et aux zones c\u00f4ti\u00e8res ou \u00e0 haute pression de vent<\/td><\/tr><tr><td>M\u00e9thode de contr\u00f4le<\/td><td>Commande par bouton (extensible \u00e0 la t\u00e9l\u00e9commande, radar, int\u00e9gration de contr\u00f4le d'acc\u00e8s et autres m\u00e9thodes intelligentes)<\/td><\/tr><\/tbody><\/table><\/figure>\n\n\n\n<h2 class=\"wp-block-heading\"><span class=\"ez-toc-section\" id=\"Key_Advantages_of_Compact_Sectional_Doors\"><\/span><strong>Principaux avantages des portes sectionnelles compactes<\/strong><strong><\/strong><span class=\"ez-toc-section-end\"><\/span><\/h2>\n\n\n\n<h3 class=\"wp-block-heading\"><span class=\"ez-toc-section\" id=\"Vertical_Lift_Saving_Top_Space\"><\/span><strong>Levage vertical, \u00e9conomisant l'espace sup\u00e9rieur<\/strong><strong><\/strong><span class=\"ez-toc-section-end\"><\/span><\/h3>\n\n\n\n<p><a href=\"https:\/\/workshopdoor.com\/industrial-door\/\" target=\"_blank\" rel=\"noopener\"><strong>Portes industrielles traditionnelles<\/strong> <\/a>(telles que les portes coulissantes) n\u00e9cessitent de longs rails horizontaux en haut, occupant une grande partie de la hauteur du b\u00e2timent. Les portes sectionnelles compactes, quant \u00e0 elles, utilisent une structure de levage enti\u00e8rement verticale, les panneaux de porte s'empilant directement vers le haut le long des rails. Aucun espace suppl\u00e9mentaire n'est requis en haut, lib\u00e9rant ainsi consid\u00e9rablement la zone sup\u00e9rieure pour les rails de pont roulant, les syst\u00e8mes de ventilation ou les \u00e9quipements de levage.<\/p>\n\n\n\n<h3 class=\"wp-block-heading\"><span class=\"ez-toc-section\" id=\"The_door_structure_is_robust_and_suitable_for_large-scale_applications\"><\/span><strong>La structure de la porte est robuste et adapt\u00e9e aux applications \u00e0 grande \u00e9chelle.<\/strong><strong><\/strong><span class=\"ez-toc-section-end\"><\/span><\/h3>\n\n\n\n<p>Dans ce projet, la hauteur de la porte atteint 7,6 m\u00e8tres et la largeur est de 6,3 m\u00e8tres, ce qui impose des exigences extr\u00eamement \u00e9lev\u00e9es en mati\u00e8re de stabilit\u00e9 et de r\u00e9sistance au vent du panneau de porte.<\/p>\n\n\n\n<p>La structure en double t\u00f4le d'acier + remplissage en polyur\u00e9thane offre une haute r\u00e9sistance et rigidit\u00e9, garantissant que la porte ne se d\u00e9forme pas et fonctionne de mani\u00e8re stable.<\/p>\n\n\n\n<p>Le mat\u00e9riau pr\u00e9sente une bonne r\u00e9sistance \u00e0 la corrosion et des propri\u00e9t\u00e9s d'isolation thermique, le rendant adapt\u00e9 aux environnements industriels toutes conditions m\u00e9t\u00e9orologiques.<\/p>\n\n\n\n<h3 class=\"wp-block-heading\"><span class=\"ez-toc-section\" id=\"High-security_design\"><\/span><strong>Conception haute s\u00e9curit\u00e9<\/strong><strong><\/strong><span class=\"ez-toc-section-end\"><\/span><\/h3>\n\n\n\n<p>Protection anti-chute par c\u00e2ble : freinage automatique en cas de rel\u00e2chement ou de rupture du c\u00e2ble, emp\u00eachant la chute de la porte ;<\/p>\n\n\n\n<p>Protection anti-rupture de ressort : En cas de rupture du ressort, un m\u00e9canisme de verrouillage prot\u00e8ge le syst\u00e8me de fonctionnement ; &nbsp;<\/p>\n\n\n\n<p>Protection par photod\u00e9tecteur infrarouge + l\u00e8vre de s\u00e9curit\u00e9 inf\u00e9rieure : Rebond automatique en cas de rencontre avec une personne ou un obstacle pour \u00e9viter le pincement ou l'endommagement de l'\u00e9quipement ; &nbsp;<\/p>\n\n\n\n<p>L'ensemble du syst\u00e8me est conforme aux normes de s\u00e9curit\u00e9 EN13241 et ISO9001.<\/p>\n\n\n\n<h3 class=\"wp-block-heading\"><span class=\"ez-toc-section\" id=\"Visual_customization_for_a_unified_appearance_of_the_factory_area\"><\/span><strong>Personnalisation visuelle pour une apparence unifi\u00e9e de la zone d'usine<\/strong><strong><\/strong><span class=\"ez-toc-section-end\"><\/span><\/h3>\n\n\n\n<p>La surface est peinte au pistolet avec du gris argent\u00e9 m\u00e9tallis\u00e9 RAL9006, offrant une bonne r\u00e9sistance aux UV, \u00e0 la corrosion et \u00e0 la d\u00e9coloration. Le style g\u00e9n\u00e9ral est tr\u00e8s coordonn\u00e9 avec la conception de fa\u00e7ade des b\u00e2timents industriels, am\u00e9liorant l'image de l'entreprise.<\/p>\n\n\n\n<h2 class=\"wp-block-heading\"><span class=\"ez-toc-section\" id=\"Typical_applications_for_compact_sectional_doors\"><\/span><strong>Applications typiques des portes sectionnelles compactes<\/strong><strong><\/strong><span class=\"ez-toc-section-end\"><\/span><\/h2>\n\n\n\n<figure class=\"wp-block-image size-large\"><img decoding=\"async\" width=\"1024\" height=\"514\" src=\"https:\/\/germanyseppes.com\/wp-content\/uploads\/2025\/01\/aluminum-roll-up-garage-door-VS-sectional-garage-door_\u753b\u677f-1-1024x514.jpg\" alt=\"Porte de garage enroulable en aluminium VS Porte de garage sectionnelle\" class=\"wp-image-6551\" srcset=\"https:\/\/germanyseppes.com\/wp-content\/uploads\/2025\/01\/aluminum-roll-up-garage-door-VS-sectional-garage-door_\u753b\u677f-1-1024x514.jpg 1024w, https:\/\/germanyseppes.com\/wp-content\/uploads\/2025\/01\/aluminum-roll-up-garage-door-VS-sectional-garage-door_\u753b\u677f-1-300x151.jpg 300w, https:\/\/germanyseppes.com\/wp-content\/uploads\/2025\/01\/aluminum-roll-up-garage-door-VS-sectional-garage-door_\u753b\u677f-1-768x386.jpg 768w, https:\/\/germanyseppes.com\/wp-content\/uploads\/2025\/01\/aluminum-roll-up-garage-door-VS-sectional-garage-door_\u753b\u677f-1.jpg 1249w\" sizes=\"(max-width: 1024px) 100vw, 1024px\" \/><figcaption class=\"wp-element-caption\">Source : SEPPES<\/figcaption><\/figure>\n\n\n\n<figure class=\"wp-block-table is-style-stripes\"><table class=\"has-fixed-layout\"><tbody><tr><td>Sites d'application<\/td><td>Application<\/td><td>Avantages de compatibilit\u00e9 des produits<\/td><\/tr><tr><td><strong><a href=\"https:\/\/workshopdoor.com\/production-workshop\/\" target=\"_blank\" rel=\"noopener\">Ateliers de fabrication lourde<\/a><\/strong><\/td><td>\u00c9quip\u00e9s de rails a\u00e9riens en haut, n\u00e9cessitant des entr\u00e9es\/sorties fr\u00e9quentes<\/td><td>La conception \u00e0 levage vertical n'interf\u00e8re pas avec la structure interne du b\u00e2timent industriel.<\/td><\/tr><tr><td><strong><a href=\"https:\/\/workshopdoor.com\/logistics-industry\/\" target=\"_blank\" rel=\"noopener\">Passages d'entrep\u00f4t logistique<\/a><\/strong><\/td><td>Passage fr\u00e9quent de grandes cargaisons, n\u00e9cessitant une grande ouverture de porte<\/td><td>La structure haute r\u00e9sistance des panneaux de porte permet la personnalisation de grandes dimensions de porte.<\/td><\/tr><tr><td>Cloisons de zone cha\u00eene du froid\/salle blanche<\/td><td>Isolation thermique, \u00e9tanch\u00e9it\u00e9 \u00e0 la poussi\u00e8re et au vent<\/td><td>Panneaux de porte remplis de polyur\u00e9thane + syst\u00e8me de joints d'\u00e9tanch\u00e9it\u00e9.<\/td><\/tr><tr><td>Usines de fabrication automobile<\/td><td>Ouverture\/fermeture fr\u00e9quente, n\u00e9cessitant un fonctionnement s\u00fbr, rapide et efficace.<\/td><td>Moteur industriel + syst\u00e8me d'amortissement + multiples dispositifs de s\u00e9curit\u00e9.<\/td><\/tr><\/tbody><\/table><\/figure>\n\n\n\n<h2 class=\"wp-block-heading\"><span class=\"ez-toc-section\" id=\"Comparison_with_traditional_industrial_doors\"><\/span><strong>Comparaison avec les portes industrielles traditionnelles<\/strong><strong><\/strong><span class=\"ez-toc-section-end\"><\/span><\/h2>\n\n\n\n<figure class=\"wp-block-table is-style-stripes\"><table class=\"has-fixed-layout\"><tbody><tr><td>Dimensions de performance<\/td><td>Porte Sectionnelle Compacte<\/td><td>Portes battantes traditionnelles \/ volets roulants<\/td><\/tr><tr><td>M\u00e9thodes d'am\u00e9lioration<\/td><td>Levage vertical \/ rail compact<\/td><td>Coulissement horizontal \/ enroulement sup\u00e9rieur<\/td><\/tr><tr><td>Efficacit\u00e9 d'utilisation de l'espace<\/td><td>\u2b50\u2b50\u2b50\u2b50\u2b50<\/td><td>\u2b50\u2b50 (N\u00e9cessite un grand espace en partie sup\u00e9rieure)<\/td><\/tr><tr><td>R\u00e9sistance de la porte et classement au vent<\/td><td>\u2b50\u2b50\u2b50\u2b50 (\u226510)<\/td><td>\u2b50\u2b50 (R\u00e9sistance au vent limit\u00e9e)<\/td><\/tr><tr><td>Attrait visuel et esth\u00e9tique<\/td><td>\u2b50\u2b50\u2b50\u2b50 (Personnalisation RAL disponible)<\/td><td>\u2b50 (Couleurs limit\u00e9es, esth\u00e9tique moyenne)<\/td><\/tr><tr><td>Dur\u00e9e de vie et fr\u00e9quence de maintenance<\/td><td>\u2b50\u2b50\u2b50\u2b50 (Faible maintenance, longue dur\u00e9e de vie)<\/td><td>\u2b50\u2b50 (Le moteur et la toile du rideau sont sujets au vieillissement)<\/td><\/tr><\/tbody><\/table><\/figure>\n\n\n\n<h2 class=\"wp-block-heading\"><span class=\"ez-toc-section\" id=\"Installation_and_Maintenance_Recommendations\"><\/span><strong>**Recommandations d'Installation et de Maintenance**<\/strong><strong><\/strong><span class=\"ez-toc-section-end\"><\/span><\/h2>\n\n\n\n<h3 class=\"wp-block-heading\"><span class=\"ez-toc-section\" id=\"Installation_Requirements\"><\/span><strong>Exigences d'installation<\/strong><strong><\/strong><span class=\"ez-toc-section-end\"><\/span><\/h3>\n\n\n\n<p>Assurer un espace d'installation \u2265300mm de chaque c\u00f4t\u00e9 de l'ouverture de la porte ;<\/p>\n\n\n\n<p>Assurer un espace \u2265600mm au-dessus de l'ouverture pour permettre le mouvement fluide du rail ;<\/p>\n\n\n\n<p>Il est recommand\u00e9 d'utiliser des chevilles chimiques + composants structurels en corni\u00e8re pour fixer le syst\u00e8me de cadre de porte, am\u00e9liorant ainsi la capacit\u00e9 portante globale ;<\/p>\n\n\n\n<p>L'alimentation du syst\u00e8me de contr\u00f4le n\u00e9cessite un r\u00e9seau triphas\u00e9 cinq fils, avec un c\u00e2blage prot\u00e9g\u00e9 par des conduits m\u00e9talliques ou des goulottes.<\/p>\n\n\n\n<h3 class=\"wp-block-heading\"><span class=\"ez-toc-section\" id=\"Maintenance_Points\"><\/span><strong>Points de maintenance<\/strong><strong><\/strong><span class=\"ez-toc-section-end\"><\/span><\/h3>\n\n\n\n<p>V\u00e9rifier mensuellement la tension du c\u00e2ble d'acier, la pr\u00e9charge du ressort et la propret\u00e9 du rail.<\/p>\n\n\n\n<p>V\u00e9rifier trimestriellement la sensibilit\u00e9 du capteur photod\u00e9lectrique et de l'amortisseur de bord inf\u00e9rieur.<\/p>\n\n\n\n<p>Il est recommand\u00e9 de nettoyer la surface du panneau de porte et de compl\u00e9ter l'huile de lubrification tous les six mois.<\/p>\n\n\n\n<p>Il est recommand\u00e9 d'\u00e9tablir un plan d'inspection annuel pour r\u00e9duire les risques op\u00e9rationnels gr\u00e2ce \u00e0 une maintenance pr\u00e9ventive.<\/p>\n\n\n\n<h2 class=\"wp-block-heading\"><span class=\"ez-toc-section\" id=\"Selection_Recommendations_and_Parameter_Configuration_Reference\"><\/span><strong>Recommandations de s\u00e9lection et r\u00e9f\u00e9rence de configuration des param\u00e8tres<\/strong><strong><\/strong><span class=\"ez-toc-section-end\"><\/span><\/h2>\n\n\n\n<p>Lors de la s\u00e9lection d'une porte sectionnelle compacte, les param\u00e8tres suivants peuvent \u00eatre utilis\u00e9s pour d\u00e9terminer la structure :<\/p>\n\n\n\n<figure class=\"wp-block-table is-style-stripes\"><table class=\"has-fixed-layout\"><tbody><tr><td>Cat\u00e9gorie de param\u00e8tre<\/td><td>Plage recommand\u00e9e<\/td><\/tr><tr><td>Largeur<\/td><td>\u22648000mm (les tailles plus grandes n\u00e9cessitent des rails renforc\u00e9s)<\/td><\/tr><tr><td>Hauteur<\/td><td>\u22648000mm (les rails n\u00e9cessitent des ajustements sur mesure)<\/td><\/tr><tr><td>\u00c9paisseur des panneaux de porte<\/td><td>Remplissage polyur\u00e9thane 40\u201350mm<\/td><\/tr><tr><td>M\u00e9thode de contr\u00f4le<\/td><td>Bouton \/ t\u00e9l\u00e9commande \/ radar \/ interverrouillage avec contr\u00f4le d'acc\u00e8s<\/td><\/tr><tr><td>Couleur de surface<\/td><td>Num\u00e9ro de nuancier RAL personnalis\u00e9<\/td><\/tr><tr><td>**M\u00e9thode de levage**<\/td><td>Levage vertical \/ levage sur\u00e9lev\u00e9 \/ levage courbe<\/td><\/tr><\/tbody><\/table><\/figure>\n\n\n\n<h2 class=\"wp-block-heading\"><span class=\"ez-toc-section\" id=\"FAQ\"><\/span><strong>FAQ &nbsp;<\/strong><strong><\/strong><span class=\"ez-toc-section-end\"><\/span><\/h2>\n\n\n\n<p><strong>Q1 : La porte sectionnelle compacte convient-elle aux grandes ouvertures ? &nbsp;<\/strong><strong><\/strong><\/p>\n\n\n\n<p>Oui. Sa structure modulaire de panneaux et son syst\u00e8me de rails renforc\u00e9s prennent en charge des ouvertures de plus de 6 \u00e0 8 m\u00e8tres de large. &nbsp;<\/p>\n\n\n\n<p><strong>Q2 : La porte prend-elle en charge l'int\u00e9gration avec les syst\u00e8mes de contr\u00f4le d'acc\u00e8s d'usine ? &nbsp;<\/strong><strong><\/strong><\/p>\n\n\n\n<p>Oui. Elle peut \u00eatre configur\u00e9e avec un module PLC pour s'int\u00e9grer aux syst\u00e8mes de contr\u00f4le d'acc\u00e8s, scanners, radars et autres terminaux de contr\u00f4le.<\/p>\n\n\n\n<p><strong>Q3 : Le panneau de porte RAL9006 convient-il \u00e0 une utilisation en ext\u00e9rieur ? <\/strong>&nbsp;<\/p>\n\n\n\n<p>Oui. Le RAL9006 offre une excellente r\u00e9sistance \u00e0 la corrosion et une protection UV, le rendant adapt\u00e9 \u00e0 une utilisation ext\u00e9rieure prolong\u00e9e. \u00a0  <\/p>","protected":false},"excerpt":{"rendered":"<p>What is a Compact Sectional Door? A compact sectional door is a high-performance door system designed specifically for industrial plants, warehouses, logistics centers, and other similar facilities. Compared to traditional overhead doors or roller shutters, it features a modular segmented door panel structure and vertical lifting track design, enabling stable, high-frequency, and high-sealing performance operation [&hellip;]<\/p>\n","protected":false},"author":2,"featured_media":4049,"comment_status":"open","ping_status":"open","sticky":false,"template":"","format":"standard","meta":{"_uag_custom_page_level_css":"","footnotes":""},"categories":[1],"tags":[],"class_list":["post-6774","post","type-post","status-publish","format-standard","has-post-thumbnail","hentry","category-high-speed-door"],"blocksy_meta":[],"uagb_featured_image_src":{"full":["https:\/\/germanyseppes.com\/wp-content\/uploads\/2024\/01\/31.jpg",600,400,false],"thumbnail":["https:\/\/germanyseppes.com\/wp-content\/uploads\/2024\/01\/31-150x150.jpg",150,150,true],"medium":["https:\/\/germanyseppes.com\/wp-content\/uploads\/2024\/01\/31-300x200.jpg",300,200,true],"medium_large":["https:\/\/germanyseppes.com\/wp-content\/uploads\/2024\/01\/31.jpg",600,400,false],"large":["https:\/\/germanyseppes.com\/wp-content\/uploads\/2024\/01\/31.jpg",600,400,false],"1536x1536":["https:\/\/germanyseppes.com\/wp-content\/uploads\/2024\/01\/31.jpg",600,400,false],"2048x2048":["https:\/\/germanyseppes.com\/wp-content\/uploads\/2024\/01\/31.jpg",600,400,false],"trp-custom-language-flag":["https:\/\/germanyseppes.com\/wp-content\/uploads\/2024\/01\/31.jpg",18,12,false]},"uagb_author_info":{"display_name":"Summer Zhu","author_link":"https:\/\/germanyseppes.com\/fr\/author\/summer-zhu\/"},"uagb_comment_info":0,"uagb_excerpt":"What is a Compact Sectional Door? A compact sectional door is a high-performance door system designed specifically for industrial plants, warehouses, logistics centers, and other similar facilities. Compared to traditional overhead doors or roller shutters, it features a modular segmented door panel structure and vertical lifting track design, enabling stable, high-frequency, and high-sealing performance operation\u2026","_links":{"self":[{"href":"https:\/\/germanyseppes.com\/fr\/wp-json\/wp\/v2\/posts\/6774","targetHints":{"allow":["GET"]}}],"collection":[{"href":"https:\/\/germanyseppes.com\/fr\/wp-json\/wp\/v2\/posts"}],"about":[{"href":"https:\/\/germanyseppes.com\/fr\/wp-json\/wp\/v2\/types\/post"}],"author":[{"embeddable":true,"href":"https:\/\/germanyseppes.com\/fr\/wp-json\/wp\/v2\/users\/2"}],"replies":[{"embeddable":true,"href":"https:\/\/germanyseppes.com\/fr\/wp-json\/wp\/v2\/comments?post=6774"}],"version-history":[{"count":1,"href":"https:\/\/germanyseppes.com\/fr\/wp-json\/wp\/v2\/posts\/6774\/revisions"}],"predecessor-version":[{"id":6775,"href":"https:\/\/germanyseppes.com\/fr\/wp-json\/wp\/v2\/posts\/6774\/revisions\/6775"}],"wp:featuredmedia":[{"embeddable":true,"href":"https:\/\/germanyseppes.com\/fr\/wp-json\/wp\/v2\/media\/4049"}],"wp:attachment":[{"href":"https:\/\/germanyseppes.com\/fr\/wp-json\/wp\/v2\/media?parent=6774"}],"wp:term":[{"taxonomy":"category","embeddable":true,"href":"https:\/\/germanyseppes.com\/fr\/wp-json\/wp\/v2\/categories?post=6774"},{"taxonomy":"post_tag","embeddable":true,"href":"https:\/\/germanyseppes.com\/fr\/wp-json\/wp\/v2\/tags?post=6774"}],"curies":[{"name":"wp","href":"https:\/\/api.w.org\/{rel}","templated":true}]}}