{"id":4228,"date":"2024-02-19T16:21:53","date_gmt":"2024-02-19T08:21:53","guid":{"rendered":"https:\/\/germanyseppes.com\/?p=4228"},"modified":"2024-02-19T16:21:54","modified_gmt":"2024-02-19T08:21:54","slug":"portas-seccionais-comerciais","status":"publish","type":"post","link":"https:\/\/germanyseppes.com\/pt\/commercial-sectional-doors\/","title":{"rendered":"Aprimore Acesso e Ilumina\u00e7\u00e3o com Portas Seccionais Comerciais com Portas e Janelas Pequenas"},"content":{"rendered":"<div id=\"ez-toc-container\" class=\"ez-toc-v2_0_73 counter-hierarchy ez-toc-counter ez-toc-grey ez-toc-container-direction\">\n<div class=\"ez-toc-title-container\">\n<p class=\"ez-toc-title\" style=\"cursor:inherit\">\u00cdndice<\/p>\n<span class=\"ez-toc-title-toggle\"><a href=\"#\" class=\"ez-toc-pull-right ez-toc-btn ez-toc-btn-xs ez-toc-btn-default ez-toc-toggle\" aria-label=\"Alternar \u00cdndice de Conte\u00fado\"><span class=\"ez-toc-js-icon-con\"><span class=\"\"><span class=\"eztoc-hide\" style=\"display:none;\">Alternar<\/span><span class=\"ez-toc-icon-toggle-span\"><svg style=\"fill: #999;color:#999\" xmlns=\"http:\/\/www.w3.org\/2000\/svg\" class=\"list-377408\" width=\"20px\" height=\"20px\" viewbox=\"0 0 24 24\" fill=\"none\"><path d=\"M6 6H4v2h2V6zm14 0H8v2h12V6zM4 11h2v2H4v-2zm16 0H8v2h12v-2zM4 16h2v2H4v-2zm16 0H8v2h12v-2z\" fill=\"currentColor\"><\/path><\/svg><svg style=\"fill: #999;color:#999\" class=\"arrow-unsorted-368013\" xmlns=\"http:\/\/www.w3.org\/2000\/svg\" width=\"10px\" height=\"10px\" viewbox=\"0 0 24 24\" version=\"1.2\" baseprofile=\"tiny\"><path d=\"M18.2 9.3l-6.2-6.3-6.2 6.3c-.2.2-.3.4-.3.7s.1.5.3.7c.2.2.4.3.7.3h11c.3 0 .5-.1.7-.3.2-.2.3-.5.3-.7s-.1-.5-.3-.7zM5.8 14.7l6.2 6.3 6.2-6.3c.2-.2.3-.5.3-.7s-.1-.5-.3-.7c-.2-.2-.4-.3-.7-.3h-11c-.3 0-.5.1-.7.3-.2.2-.3.5-.3.7s.1.5.3.7z\"\/><\/svg><\/span><\/span><\/span><\/a><\/span><\/div>\n<nav><ul class='ez-toc-list ez-toc-list-level-1' ><li class='ez-toc-page-1 ez-toc-heading-level-2'><a class=\"ez-toc-link ez-toc-heading-1\" href=\"https:\/\/germanyseppes.com\/pt\/commercial-sectional-doors\/#Introduction_to_Commercial_Sectional_Doors\" title=\"Introdu\u00e7\u00e3o \u00e0s Portas Seccionais Comerciais\">Introdu\u00e7\u00e3o \u00e0s Portas Seccionais Comerciais<\/a><\/li><li class='ez-toc-page-1 ez-toc-heading-level-2'><a class=\"ez-toc-link ez-toc-heading-2\" href=\"https:\/\/germanyseppes.com\/pt\/commercial-sectional-doors\/#Small_Doors_Facilitating_Access\" title=\"Portas Pequenas: Facilitando o Acesso\">Portas Pequenas: Facilitando o Acesso<\/a><ul class='ez-toc-list-level-3' ><li class='ez-toc-heading-level-3'><a class=\"ez-toc-link ez-toc-heading-3\" href=\"https:\/\/germanyseppes.com\/pt\/commercial-sectional-doors\/#Streamlined_Entry_Points\" title=\"Pontos de Entrada Otimizados\">Pontos de Entrada Otimizados<\/a><\/li><li class='ez-toc-page-1 ez-toc-heading-level-3'><a class=\"ez-toc-link ez-toc-heading-4\" href=\"https:\/\/germanyseppes.com\/pt\/commercial-sectional-doors\/#Enhanced_Safety_Measures\" title=\"Medidas de Seguran\u00e7a Aprimoradas\">Medidas de Seguran\u00e7a Aprimoradas<\/a><\/li><\/ul><\/li><li class='ez-toc-page-1 ez-toc-heading-level-2'><a class=\"ez-toc-link ez-toc-heading-5\" href=\"https:\/\/germanyseppes.com\/pt\/commercial-sectional-doors\/#Windows_Optimizing_Illumination\" title=\"Janelas: Otimizando a Ilumina\u00e7\u00e3o\">Janelas: Otimizando a Ilumina\u00e7\u00e3o<\/a><ul class='ez-toc-list-level-3' ><li class='ez-toc-heading-level-3'><a class=\"ez-toc-link ez-toc-heading-6\" href=\"https:\/\/germanyseppes.com\/pt\/commercial-sectional-doors\/#Natural_Light_Infusion\" title=\"Infus\u00e3o de Luz Natural\">Infus\u00e3o de Luz Natural<\/a><\/li><li class='ez-toc-page-1 ez-toc-heading-level-3'><a class=\"ez-toc-link ez-toc-heading-7\" href=\"https:\/\/germanyseppes.com\/pt\/commercial-sectional-doors\/#Enhanced_Visibility\" title=\"Visibilidade Aprimorada\">Visibilidade Aprimorada<\/a><\/li><li class='ez-toc-page-1 ez-toc-heading-level-3'><a class=\"ez-toc-link ez-toc-heading-8\" href=\"https:\/\/germanyseppes.com\/pt\/commercial-sectional-doors\/#Aesthetic_Enhancements\" title=\"Melhorias Est\u00e9ticas\">Melhorias Est\u00e9ticas<\/a><\/li><li class='ez-toc-page-1 ez-toc-heading-level-3'><a class=\"ez-toc-link ez-toc-heading-9\" href=\"https:\/\/germanyseppes.com\/pt\/commercial-sectional-doors\/#Prolonged_Service_Life\" title=\"Vida \u00datil Prolongada\">Vida \u00datil Prolongada<\/a><\/li><li class='ez-toc-page-1 ez-toc-heading-level-3'><a class=\"ez-toc-link ez-toc-heading-10\" href=\"https:\/\/germanyseppes.com\/pt\/commercial-sectional-doors\/#Enhanced_Durability\" title=\"Maior Durabilidade\">Maior Durabilidade<\/a><\/li><\/ul><\/li><\/ul><\/nav><\/div>\n<h2 class=\"wp-block-heading\"><span class=\"ez-toc-section\" id=\"Introduction_to_Commercial_Sectional_Doors\"><\/span>Introdu\u00e7\u00e3o \u00e0s Portas Seccionais Comerciais<span class=\"ez-toc-section-end\"><\/span><\/h2>\n\n\n\n<p><strong><a href=\"https:\/\/germanyseppes.com\/pt\/\">As Portas Seccionais Comerciais<\/a><\/strong> tornaram-se indispens\u00e1veis em ambientes modernos, oferecendo n\u00e3o apenas conveni\u00eancia, mas tamb\u00e9m fun\u00e7\u00f5es cruciais em seguran\u00e7a, isolamento e est\u00e9tica. Neste guia abrangente, aprofundamos a import\u00e2ncia de integrar portas pequenas e janelas em <strong>portas seccionais de sobrecarga<\/strong>, explorando seus benef\u00edcios multifacetados.<\/p>\n\n\n\n<figure class=\"wp-block-image aligncenter size-full\"><img fetchpriority=\"high\" decoding=\"async\" width=\"600\" height=\"400\" src=\"https:\/\/germanyseppes.com\/wp-content\/uploads\/2024\/02\/\u63d0\u53479.jpg\" alt=\"As Portas Seccionais Comerciais\" class=\"wp-image-4229\" srcset=\"https:\/\/germanyseppes.com\/wp-content\/uploads\/2024\/02\/\u63d0\u53479.jpg 600w, https:\/\/germanyseppes.com\/wp-content\/uploads\/2024\/02\/\u63d0\u53479-300x200.jpg 300w\" sizes=\"(max-width: 600px) 100vw, 600px\" \/><\/figure>\n\n\n\n<h2 class=\"wp-block-heading\"><span class=\"ez-toc-section\" id=\"Small_Doors_Facilitating_Access\"><\/span>Portas Pequenas: Facilitando o Acesso<span class=\"ez-toc-section-end\"><\/span><\/h2>\n\n\n\n<h3 class=\"wp-block-heading\"><span class=\"ez-toc-section\" id=\"Streamlined_Entry_Points\"><\/span>Pontos de Entrada Otimizados<span class=\"ez-toc-section-end\"><\/span><\/h3>\n\n\n\n<p><strong>Portas Seccionais Industriais<\/strong>, projetadas principalmente para aplica\u00e7\u00f5es industriais, frequentemente apresentam desafios para entrada e sa\u00edda frequentes. A integra\u00e7\u00e3o de portas pequenas nessas estruturas proporciona acesso conveniente para o pessoal sem a necessidade de abrir completamente o painel da porta principal, aumentando assim a efici\u00eancia do fluxo de trabalho.<\/p>\n\n\n\n<h3 class=\"wp-block-heading\"><span class=\"ez-toc-section\" id=\"Enhanced_Safety_Measures\"><\/span>Medidas de Seguran\u00e7a Aprimoradas<span class=\"ez-toc-section-end\"><\/span><\/h3>\n\n\n\n<p>A inclus\u00e3o de portas pequenas em<strong> portas seccionais de sobrecarga<\/strong> n\u00e3o apenas otimiza o acesso, mas tamb\u00e9m refor\u00e7a a seguran\u00e7a em ambientes industriais. Ao oferecer pontos de entrada designados, essas portas mitigam o risco de acidentes e melhoram a seguran\u00e7a operacional.<\/p>\n\n\n\n<figure class=\"wp-block-image aligncenter size-full\"><img decoding=\"async\" width=\"600\" height=\"400\" src=\"https:\/\/germanyseppes.com\/wp-content\/uploads\/2024\/02\/\u63d0\u53471-1.jpg\" alt=\"As Portas Seccionais Comerciais\" class=\"wp-image-4231\" srcset=\"https:\/\/germanyseppes.com\/wp-content\/uploads\/2024\/02\/\u63d0\u53471-1.jpg 600w, https:\/\/germanyseppes.com\/wp-content\/uploads\/2024\/02\/\u63d0\u53471-1-300x200.jpg 300w\" sizes=\"(max-width: 600px) 100vw, 600px\" \/><\/figure>\n\n\n\n<h2 class=\"wp-block-heading\"><span class=\"ez-toc-section\" id=\"Windows_Optimizing_Illumination\"><\/span>Janelas: Otimizando a Ilumina\u00e7\u00e3o<span class=\"ez-toc-section-end\"><\/span><\/h2>\n\n\n\n<h3 class=\"wp-block-heading\"><span class=\"ez-toc-section\" id=\"Natural_Light_Infusion\"><\/span>Infus\u00e3o de Luz Natural<span class=\"ez-toc-section-end\"><\/span><\/h3>\n\n\n\n<p>As tradicionais <strong>As Portas Seccionais Comerciais<\/strong>, com sua constru\u00e7\u00e3o opaca, podem resultar em interiores escuros. No entanto, a incorpora\u00e7\u00e3o de janelas pequenas nessas portas permite a infus\u00e3o de luz natural, promovendo um ambiente de trabalho mais iluminado e prop\u00edcio. Isso n\u00e3o apenas reduz a depend\u00eancia de ilumina\u00e7\u00e3o artificial, mas tamb\u00e9m melhora o bem-estar e a produtividade dos funcion\u00e1rios.<\/p>\n\n\n\n<h3 class=\"wp-block-heading\"><span class=\"ez-toc-section\" id=\"Enhanced_Visibility\"><\/span>Visibilidade Aprimorada<span class=\"ez-toc-section-end\"><\/span><\/h3>\n\n\n\n<p>As janelas pequenas integradas em <strong>portas seccionais de isolamento<\/strong> permitem que a equipe observe atividades e condi\u00e7\u00f5es internas, facilitando o monitoramento e a preven\u00e7\u00e3o de acidentes. Essa visibilidade elevada garante maior controle operacional e conformidade de seguran\u00e7a nas instala\u00e7\u00f5es industriais.<\/p>\n\n\n\n<h3 class=\"wp-block-heading\"><span class=\"ez-toc-section\" id=\"Aesthetic_Enhancements\"><\/span>Melhorias Est\u00e9ticas<span class=\"ez-toc-section-end\"><\/span><\/h3>\n\n\n\n<p>Al\u00e9m de seus benef\u00edcios funcionais, as portas e janelas pequenas contribuem para o apelo est\u00e9tico das <strong>portas industriais seccionais<\/strong>. Esses elementos servem como detalhes decorativos, real\u00e7ando o atrativo visual tanto dos espa\u00e7os internos quanto externos. Com uma variedade de op\u00e7\u00f5es de design dispon\u00edveis, eles podem ser personalizados para complementar v\u00e1rios estilos arquitet\u00f4nicos e prefer\u00eancias de design.<\/p>\n\n\n\n<h3 class=\"wp-block-heading\"><span class=\"ez-toc-section\" id=\"Prolonged_Service_Life\"><\/span>Vida \u00datil Prolongada<span class=\"ez-toc-section-end\"><\/span><\/h3>\n\n\n\n<p>A incorpora\u00e7\u00e3o de portas pequenas em <strong>As Portas Seccionais Comerciais<\/strong> ajuda a minimizar o desgaste dos pain\u00e9is da porta principal. Ao fornecer um ponto de acesso alternativo para o pessoal regular, essas portas reduzem a frequ\u00eancia de opera\u00e7\u00e3o do painel completo, prolongando assim a vida \u00fatil geral do sistema de portas.<\/p>\n\n\n\n<h3 class=\"wp-block-heading\"><span class=\"ez-toc-section\" id=\"Enhanced_Durability\"><\/span>Maior Durabilidade<span class=\"ez-toc-section-end\"><\/span><\/h3>\n\n\n\n<p>Al\u00e9m disso, <strong>portas seccionais industriais<\/strong> equipadas com portas pequenas possuem recursos de durabilidade aprimorados. Desde mecanismos anti-quebra de molas de tor\u00e7\u00e3o at\u00e9 dobradi\u00e7as galvanizadas, essas portas s\u00e3o projetadas para longevidade, garantindo desempenho confi\u00e1vel mesmo em ambientes industriais exigentes.<\/p>\n\n\n\n<figure class=\"wp-block-image aligncenter size-full\"><img decoding=\"async\" width=\"600\" height=\"400\" src=\"https:\/\/germanyseppes.com\/wp-content\/uploads\/2024\/02\/\u63d0\u53473.jpg\" alt=\"As Portas Seccionais Comerciais\" class=\"wp-image-4230\" srcset=\"https:\/\/germanyseppes.com\/wp-content\/uploads\/2024\/02\/\u63d0\u53473.jpg 600w, https:\/\/germanyseppes.com\/wp-content\/uploads\/2024\/02\/\u63d0\u53473-300x200.jpg 300w\" sizes=\"(max-width: 600px) 100vw, 600px\" \/><\/figure>\n\n\n\n<p>Em conclus\u00e3o, a integra\u00e7\u00e3o de portas e janelas pequenas em <strong>As Portas Seccionais Comerciais<\/strong> oferece uma infinidade de benef\u00edcios, desde acesso e ilumina\u00e7\u00e3o aprimorados at\u00e9 maior seguran\u00e7a e est\u00e9tica. Ao compreender as diversas funcionalidades e considera\u00e7\u00f5es de design associadas a esses elementos, as empresas podem tomar decis\u00f5es informadas para otimizar suas solu\u00e7\u00f5es de portas industriais para m\u00e1xima efici\u00eancia e longevidade. J\u00e1 cooperou com mais de 60 empresas Fortune 500, como<a href=\"https:\/\/www.logitech.com\/\" target=\"_blank\" rel=\"noopener\"> Logitech Technology<\/a>, Thermo Fisher, Tintas AkzoNobel, Pfizer Pharmaceutical e outras empresas renomadas.<\/p>","protected":false},"excerpt":{"rendered":"<p>Introduction to Commercial Sectional Doors Commercial Sectional Doors have become indispensable in modern settings, offering not only convenience but also crucial roles in safety, insulation, and aesthetics. In this comprehensive guide, we delve into the significance of integrating small doors and windows into sectional overhead doors, exploring their multifaceted benefits. Small Doors: Facilitating Access Streamlined [&hellip;]<\/p>\n","protected":false},"author":2,"featured_media":4232,"comment_status":"open","ping_status":"open","sticky":false,"template":"","format":"standard","meta":{"_uag_custom_page_level_css":"","footnotes":""},"categories":[36],"tags":[],"class_list":["post-4228","post","type-post","status-publish","format-standard","has-post-thumbnail","hentry","category-sectional-door"],"blocksy_meta":[],"uagb_featured_image_src":{"full":["https:\/\/germanyseppes.com\/wp-content\/uploads\/2024\/02\/\u63d0\u5347\u95e87.jpg",820,550,false],"thumbnail":["https:\/\/germanyseppes.com\/wp-content\/uploads\/2024\/02\/\u63d0\u5347\u95e87-150x150.jpg",150,150,true],"medium":["https:\/\/germanyseppes.com\/wp-content\/uploads\/2024\/02\/\u63d0\u5347\u95e87-300x201.jpg",300,201,true],"medium_large":["https:\/\/germanyseppes.com\/wp-content\/uploads\/2024\/02\/\u63d0\u5347\u95e87-768x515.jpg",768,515,true],"large":["https:\/\/germanyseppes.com\/wp-content\/uploads\/2024\/02\/\u63d0\u5347\u95e87.jpg",820,550,false],"1536x1536":["https:\/\/germanyseppes.com\/wp-content\/uploads\/2024\/02\/\u63d0\u5347\u95e87.jpg",820,550,false],"2048x2048":["https:\/\/germanyseppes.com\/wp-content\/uploads\/2024\/02\/\u63d0\u5347\u95e87.jpg",820,550,false],"trp-custom-language-flag":["https:\/\/germanyseppes.com\/wp-content\/uploads\/2024\/02\/\u63d0\u5347\u95e87.jpg",18,12,false]},"uagb_author_info":{"display_name":"Summer Zhu","author_link":"https:\/\/germanyseppes.com\/pt\/author\/summer-zhu\/"},"uagb_comment_info":0,"uagb_excerpt":"Introduction to Commercial Sectional Doors Commercial Sectional Doors have become indispensable in modern settings, offering not only convenience but also crucial roles in safety, insulation, and aesthetics. In this comprehensive guide, we delve into the significance of integrating small doors and windows into sectional overhead doors, exploring their multifaceted benefits. Small Doors: Facilitating Access Streamlined&hellip;","_links":{"self":[{"href":"https:\/\/germanyseppes.com\/pt\/wp-json\/wp\/v2\/posts\/4228","targetHints":{"allow":["GET"]}}],"collection":[{"href":"https:\/\/germanyseppes.com\/pt\/wp-json\/wp\/v2\/posts"}],"about":[{"href":"https:\/\/germanyseppes.com\/pt\/wp-json\/wp\/v2\/types\/post"}],"author":[{"embeddable":true,"href":"https:\/\/germanyseppes.com\/pt\/wp-json\/wp\/v2\/users\/2"}],"replies":[{"embeddable":true,"href":"https:\/\/germanyseppes.com\/pt\/wp-json\/wp\/v2\/comments?post=4228"}],"version-history":[{"count":1,"href":"https:\/\/germanyseppes.com\/pt\/wp-json\/wp\/v2\/posts\/4228\/revisions"}],"predecessor-version":[{"id":4233,"href":"https:\/\/germanyseppes.com\/pt\/wp-json\/wp\/v2\/posts\/4228\/revisions\/4233"}],"wp:featuredmedia":[{"embeddable":true,"href":"https:\/\/germanyseppes.com\/pt\/wp-json\/wp\/v2\/media\/4232"}],"wp:attachment":[{"href":"https:\/\/germanyseppes.com\/pt\/wp-json\/wp\/v2\/media?parent=4228"}],"wp:term":[{"taxonomy":"category","embeddable":true,"href":"https:\/\/germanyseppes.com\/pt\/wp-json\/wp\/v2\/categories?post=4228"},{"taxonomy":"post_tag","embeddable":true,"href":"https:\/\/germanyseppes.com\/pt\/wp-json\/wp\/v2\/tags?post=4228"}],"curies":[{"name":"wp","href":"https:\/\/api.w.org\/{rel}","templated":true}]}}