{"id":4390,"date":"2024-04-01T13:53:14","date_gmt":"2024-04-01T05:53:14","guid":{"rendered":"https:\/\/germanyseppes.com\/?p=4390"},"modified":"2024-04-01T13:53:15","modified_gmt":"2024-04-01T05:53:15","slug":"uma-porta-industrial-de-secao-e-uma-porta-de-garagem-residencial-sao-diferentes","status":"publish","type":"post","link":"https:\/\/germanyseppes.com\/pt\/industrial-sectional-door-and-a-home-garage-doortheyre-different\/","title":{"rendered":"Porta industrial de se\u00e7\u00e3o e uma porta de garagem residencial: Elas s\u00e3o diferentes."},"content":{"rendered":"<p>No processo de venda de portas industriais na <strong><a href=\"https:\/\/www.seppeschina.com\/\" target=\"_blank\" rel=\"noopener\">SEPPES<\/a><\/strong> empresa de portas, verificou-se que frequentemente h\u00e1 clientes que utilizam portas de garagem residenciais a perguntar sobre o produto porta industrial de seccionais basculantes. Isto porque a porta de seccionais industriais tamb\u00e9m pode ser utilizada como porta de garagem residencial. No entanto, existe uma enorme diferen\u00e7a entre estes dois produtos. Hoje vamos falar sobre as diferen\u00e7as espec\u00edficas entre estas duas portas.<br>A porta de seccionais e as portas de garagem residenciais apresentam diferen\u00e7as significativas em termos de fun\u00e7\u00e3o, estrutura e \u00e1reas de aplica\u00e7\u00e3o. Compreender estas diferen\u00e7as \u00e9 crucial para escolher o tipo de porta adequado, n\u00e3o apenas para seguran\u00e7a e praticidade, mas tamb\u00e9m porque afeta diretamente a efic\u00e1cia e o custo de utiliza\u00e7\u00e3o. O seguinte artigo detalhar\u00e1 as diferen\u00e7as entre a porta de seccionais industriais e as portas de garagem dom\u00e9sticas, para o ajudar a fazer uma escolha informada.<\/p>\n\n\n\n<figure class=\"wp-block-image aligncenter size-full is-resized\"><img fetchpriority=\"high\" decoding=\"async\" width=\"600\" height=\"400\" src=\"https:\/\/germanyseppes.com\/wp-content\/uploads\/2024\/04\/\u63d0\u5347\u95e8VS\u8f66\u5e93\u95e8_\u753b\u677f-1.png\" alt=\"porta industrial de seccional\" class=\"wp-image-4391\" style=\"object-fit:cover;width:600px;height:400px\" srcset=\"https:\/\/germanyseppes.com\/wp-content\/uploads\/2024\/04\/\u63d0\u5347\u95e8VS\u8f66\u5e93\u95e8_\u753b\u677f-1.png 600w, https:\/\/germanyseppes.com\/wp-content\/uploads\/2024\/04\/\u63d0\u5347\u95e8VS\u8f66\u5e93\u95e8_\u753b\u677f-1-300x200.png 300w\" sizes=\"(max-width: 600px) 100vw, 600px\" \/><\/figure>\n\n\n\n<div id=\"ez-toc-container\" class=\"ez-toc-v2_0_73 counter-hierarchy ez-toc-counter ez-toc-grey ez-toc-container-direction\">\n<div class=\"ez-toc-title-container\">\n<p class=\"ez-toc-title\" style=\"cursor:inherit\">\u00cdndice<\/p>\n<span class=\"ez-toc-title-toggle\"><a href=\"#\" class=\"ez-toc-pull-right ez-toc-btn ez-toc-btn-xs ez-toc-btn-default ez-toc-toggle\" aria-label=\"Alternar \u00cdndice de Conte\u00fado\"><span class=\"ez-toc-js-icon-con\"><span class=\"\"><span class=\"eztoc-hide\" style=\"display:none;\">Alternar<\/span><span class=\"ez-toc-icon-toggle-span\"><svg style=\"fill: #999;color:#999\" xmlns=\"http:\/\/www.w3.org\/2000\/svg\" class=\"list-377408\" width=\"20px\" height=\"20px\" viewbox=\"0 0 24 24\" fill=\"none\"><path d=\"M6 6H4v2h2V6zm14 0H8v2h12V6zM4 11h2v2H4v-2zm16 0H8v2h12v-2zM4 16h2v2H4v-2zm16 0H8v2h12v-2z\" fill=\"currentColor\"><\/path><\/svg><svg style=\"fill: #999;color:#999\" class=\"arrow-unsorted-368013\" xmlns=\"http:\/\/www.w3.org\/2000\/svg\" width=\"10px\" height=\"10px\" viewbox=\"0 0 24 24\" version=\"1.2\" baseprofile=\"tiny\"><path d=\"M18.2 9.3l-6.2-6.3-6.2 6.3c-.2.2-.3.4-.3.7s.1.5.3.7c.2.2.4.3.7.3h11c.3 0 .5-.1.7-.3.2-.2.3-.5.3-.7s-.1-.5-.3-.7zM5.8 14.7l6.2 6.3 6.2-6.3c.2-.2.3-.5.3-.7s-.1-.5-.3-.7c-.2-.2-.4-.3-.7-.3h-11c-.3 0-.5.1-.7.3-.2.2-.3.5-.3.7s.1.5.3.7z\"\/><\/svg><\/span><\/span><\/span><\/a><\/span><\/div>\n<nav><ul class='ez-toc-list ez-toc-list-level-1' ><li class='ez-toc-page-1 ez-toc-heading-level-2'><a class=\"ez-toc-link ez-toc-heading-1\" href=\"https:\/\/germanyseppes.com\/pt\/industrial-sectional-door-and-a-home-garage-doortheyre-different\/#Functional_difference\" title=\"Diferen\u00e7a funcional\">Diferen\u00e7a funcional<\/a><\/li><li class='ez-toc-page-1 ez-toc-heading-level-2'><a class=\"ez-toc-link ez-toc-heading-2\" href=\"https:\/\/germanyseppes.com\/pt\/industrial-sectional-door-and-a-home-garage-doortheyre-different\/#Structural_differences\" title=\"Diferen\u00e7as estruturais\">Diferen\u00e7as estruturais<\/a><\/li><li class='ez-toc-page-1 ez-toc-heading-level-2'><a class=\"ez-toc-link ez-toc-heading-3\" href=\"https:\/\/germanyseppes.com\/pt\/industrial-sectional-door-and-a-home-garage-doortheyre-different\/#Differences_in_application_areas\" title=\"Diferen\u00e7as nas \u00e1reas de aplica\u00e7\u00e3o\">Diferen\u00e7as nas \u00e1reas de aplica\u00e7\u00e3o<\/a><\/li><\/ul><\/nav><\/div>\n<h2 class=\"wp-block-heading\"><span class=\"ez-toc-section\" id=\"Functional_difference\"><\/span>Diferen\u00e7a funcional<span class=\"ez-toc-section-end\"><\/span><\/h2>\n\n\n\n<p><strong>A porta seccional industrial<\/strong>Porta de seccionais industriais: utilizada principalmente em oficinas industriais, armaz\u00e9ns e outros locais, caracterizada por uma forte capacidade de carga e alta durabilidade. Normalmente equipada com acionamento por motor el\u00e9trico. Pode ser aberta e fechada rapidamente para se adaptar \u00e0s necessidades de uso frequente. Ao mesmo tempo, o efeito de veda\u00e7\u00e3o e isolamento ac\u00fastico da porta de seccionais industriais \u00e9 geralmente melhor, podendo proteger eficazmente o ambiente interior.<\/p>\n\n\n\n<p><strong>Porta de garagem residencial<\/strong>: utilizada principalmente para garagens residenciais, a sua fun\u00e7\u00e3o est\u00e1 mais focada na conveni\u00eancia e seguran\u00e7a. A porta de garagem dom\u00e9stica normalmente adota um m\u00e9todo de abertura por comando \u00e0 dist\u00e2ncia ou manual, facilitando a opera\u00e7\u00e3o remota pelos propriet\u00e1rios de ve\u00edculos. Em termos de design, tamb\u00e9m d\u00e1 mais aten\u00e7\u00e3o \u00e0 est\u00e9tica exterior para harmonizar com o edif\u00edcio residencial.<\/p>\n\n\n\n<h2 class=\"wp-block-heading\"><span class=\"ez-toc-section\" id=\"Structural_differences\"><\/span>Diferen\u00e7as estruturais<span class=\"ez-toc-section-end\"><\/span><\/h2>\n\n\n\n<p><strong>A porta seccional industrial<\/strong>Porta de seccionais industriais: estrutura complexa, normalmente feita de a\u00e7o ou liga de alum\u00ednio, com forte resist\u00eancia ao vento e capacidade de carga. O corpo da porta adota um design multicamadas, que refor\u00e7a o efeito de isolamento t\u00e9rmico e ac\u00fastico. E est\u00e1 tamb\u00e9m equipada com v\u00e1rios dispositivos de prote\u00e7\u00e3o de seguran\u00e7a, como colunas anti-colis\u00e3o, sensores de seguran\u00e7a, entre outros.<\/p>\n\n\n\n<figure class=\"wp-block-image aligncenter size-full is-resized\"><img decoding=\"async\" width=\"500\" height=\"300\" src=\"https:\/\/germanyseppes.com\/wp-content\/uploads\/2024\/03\/\u672a\u6807\u9898-3.jpg\" alt=\"porta industrial de seccional\" class=\"wp-image-4372\" style=\"object-fit:cover;width:600px;height:400px\" srcset=\"https:\/\/germanyseppes.com\/wp-content\/uploads\/2024\/03\/\u672a\u6807\u9898-3.jpg 500w, https:\/\/germanyseppes.com\/wp-content\/uploads\/2024\/03\/\u672a\u6807\u9898-3-300x180.jpg 300w\" sizes=\"(max-width: 500px) 100vw, 500px\" \/><\/figure>\n\n\n\n<p><strong>Porta de garagem residencial<\/strong>Porta de garagem residencial: estrutura simples, principalmente com chapa de a\u00e7o ou liga de alum\u00ednio como material principal. O corpo da porta \u00e9 relativamente leve e de opera\u00e7\u00e3o conveniente, adequado para uso familiar. Em termos de seguran\u00e7a, as portas de garagem dom\u00e9sticas tamb\u00e9m est\u00e3o equipadas com dispositivos anti-esmagamento e fun\u00e7\u00e3o de paragem autom\u00e1tica para proteger a seguran\u00e7a dos utilizadores.<\/p>\n\n\n\n<figure class=\"wp-block-image aligncenter size-full is-resized\"><img decoding=\"async\" width=\"525\" height=\"350\" src=\"https:\/\/germanyseppes.com\/wp-content\/uploads\/2024\/04\/1-1-1.png\" alt=\"porta de garagem residencial\" class=\"wp-image-4392\" style=\"object-fit:cover;width:600px;height:400px\" srcset=\"https:\/\/germanyseppes.com\/wp-content\/uploads\/2024\/04\/1-1-1.png 525w, https:\/\/germanyseppes.com\/wp-content\/uploads\/2024\/04\/1-1-1-300x200.png 300w\" sizes=\"(max-width: 525px) 100vw, 525px\" \/><\/figure>\n\n\n\n<h2 class=\"wp-block-heading\"><span class=\"ez-toc-section\" id=\"Differences_in_application_areas\"><\/span><strong>Diferen\u00e7as nas \u00e1reas de aplica\u00e7\u00e3o<\/strong><span class=\"ez-toc-section-end\"><\/span><\/h2>\n\n\n\n<p><strong>A porta seccional industrial<\/strong>Porta de seccionais industriais: adequada para oficinas industriais, log\u00edstica e armazenamento, entre outros grandes espa\u00e7os. A capacidade de carga e a durabilidade s\u00e3o as suas principais vantagens. As portas de seccionais industriais normalmente necessitam de ser personalizadas e projetadas de acordo com diferentes locais. E \u00e9 necess\u00e1rio garantir uma liga\u00e7\u00e3o eficiente com o processo de produ\u00e7\u00e3o.<\/p>\n\n\n\n<p><strong>Porta de garagem residencial:<\/strong> utilizada principalmente em bairros residenciais, vivendas e outras garagens residenciais privadas, a fun\u00e7\u00e3o \u00e9 simples e pr\u00e1tica, f\u00e1cil de operar pelos utilizadores dom\u00e9sticos. O design das portas de garagem dom\u00e9sticas tamb\u00e9m d\u00e1 mais aten\u00e7\u00e3o \u00e0 est\u00e9tica e \u00e0 coordena\u00e7\u00e3o com o estilo arquitet\u00f3nico.<\/p>\n\n\n\n<p><a href=\"https:\/\/germanyseppes.com\/pt\/\">A porta seccional industrial<\/a> A porta de seccionais industriais e a porta de garagem residencial apresentam diferen\u00e7as evidentes em termos de fun\u00e7\u00e3o, estrutura e \u00e1reas de aplica\u00e7\u00e3o. O utilizador, na escolha, deve basear-se nas necessidades espec\u00edficas e no cen\u00e1rio de utiliza\u00e7\u00e3o para fazer uma escolha racional. Ao mesmo tempo, quer seja uma porta de seccionais industriais ou uma porta de garagem residencial, \u00e9 necess\u00e1ria manuten\u00e7\u00e3o e repara\u00e7\u00e3o regulares para garantir a sua utiliza\u00e7\u00e3o normal e seguran\u00e7a.<\/p>","protected":false},"excerpt":{"rendered":"<p>In the process of selling industrial doors in the SEPPES door company, found that there is often a need to use the home garage door customers to inquire about the industrial overhead sectional door this product. Because the industrial sectional door can also be used as a home garage door to use. But there is [&hellip;]<\/p>\n","protected":false},"author":2,"featured_media":4391,"comment_status":"open","ping_status":"open","sticky":false,"template":"","format":"standard","meta":{"_uag_custom_page_level_css":"","footnotes":""},"categories":[36],"tags":[],"class_list":["post-4390","post","type-post","status-publish","format-standard","has-post-thumbnail","hentry","category-sectional-door"],"blocksy_meta":[],"uagb_featured_image_src":{"full":["https:\/\/germanyseppes.com\/wp-content\/uploads\/2024\/04\/\u63d0\u5347\u95e8VS\u8f66\u5e93\u95e8_\u753b\u677f-1.png",600,400,false],"thumbnail":["https:\/\/germanyseppes.com\/wp-content\/uploads\/2024\/04\/\u63d0\u5347\u95e8VS\u8f66\u5e93\u95e8_\u753b\u677f-1-150x150.png",150,150,true],"medium":["https:\/\/germanyseppes.com\/wp-content\/uploads\/2024\/04\/\u63d0\u5347\u95e8VS\u8f66\u5e93\u95e8_\u753b\u677f-1-300x200.png",300,200,true],"medium_large":["https:\/\/germanyseppes.com\/wp-content\/uploads\/2024\/04\/\u63d0\u5347\u95e8VS\u8f66\u5e93\u95e8_\u753b\u677f-1.png",600,400,false],"large":["https:\/\/germanyseppes.com\/wp-content\/uploads\/2024\/04\/\u63d0\u5347\u95e8VS\u8f66\u5e93\u95e8_\u753b\u677f-1.png",600,400,false],"1536x1536":["https:\/\/germanyseppes.com\/wp-content\/uploads\/2024\/04\/\u63d0\u5347\u95e8VS\u8f66\u5e93\u95e8_\u753b\u677f-1.png",600,400,false],"2048x2048":["https:\/\/germanyseppes.com\/wp-content\/uploads\/2024\/04\/\u63d0\u5347\u95e8VS\u8f66\u5e93\u95e8_\u753b\u677f-1.png",600,400,false],"trp-custom-language-flag":["https:\/\/germanyseppes.com\/wp-content\/uploads\/2024\/04\/\u63d0\u5347\u95e8VS\u8f66\u5e93\u95e8_\u753b\u677f-1.png",18,12,false]},"uagb_author_info":{"display_name":"Summer Zhu","author_link":"https:\/\/germanyseppes.com\/pt\/author\/summer-zhu\/"},"uagb_comment_info":0,"uagb_excerpt":"In the process of selling industrial doors in the SEPPES door company, found that there is often a need to use the home garage door customers to inquire about the industrial overhead sectional door this product. Because the industrial sectional door can also be used as a home garage door to use. But there is&hellip;","_links":{"self":[{"href":"https:\/\/germanyseppes.com\/pt\/wp-json\/wp\/v2\/posts\/4390","targetHints":{"allow":["GET"]}}],"collection":[{"href":"https:\/\/germanyseppes.com\/pt\/wp-json\/wp\/v2\/posts"}],"about":[{"href":"https:\/\/germanyseppes.com\/pt\/wp-json\/wp\/v2\/types\/post"}],"author":[{"embeddable":true,"href":"https:\/\/germanyseppes.com\/pt\/wp-json\/wp\/v2\/users\/2"}],"replies":[{"embeddable":true,"href":"https:\/\/germanyseppes.com\/pt\/wp-json\/wp\/v2\/comments?post=4390"}],"version-history":[{"count":1,"href":"https:\/\/germanyseppes.com\/pt\/wp-json\/wp\/v2\/posts\/4390\/revisions"}],"predecessor-version":[{"id":4393,"href":"https:\/\/germanyseppes.com\/pt\/wp-json\/wp\/v2\/posts\/4390\/revisions\/4393"}],"wp:featuredmedia":[{"embeddable":true,"href":"https:\/\/germanyseppes.com\/pt\/wp-json\/wp\/v2\/media\/4391"}],"wp:attachment":[{"href":"https:\/\/germanyseppes.com\/pt\/wp-json\/wp\/v2\/media?parent=4390"}],"wp:term":[{"taxonomy":"category","embeddable":true,"href":"https:\/\/germanyseppes.com\/pt\/wp-json\/wp\/v2\/categories?post=4390"},{"taxonomy":"post_tag","embeddable":true,"href":"https:\/\/germanyseppes.com\/pt\/wp-json\/wp\/v2\/tags?post=4390"}],"curies":[{"name":"wp","href":"https:\/\/api.w.org\/{rel}","templated":true}]}}