{"id":6774,"date":"2025-06-27T17:26:47","date_gmt":"2025-06-27T09:26:47","guid":{"rendered":"https:\/\/germanyseppes.com\/?p=6774"},"modified":"2025-06-27T17:26:50","modified_gmt":"2025-06-27T09:26:50","slug":"analise-profissional-de-aplicacao-de-portas-seccionais-compactas-uma-solucao-eficiente-para-portas-de-grandes-oficinas-industriais","status":"publish","type":"post","link":"https:\/\/germanyseppes.com\/pt\/compact-sectional-door-professional-application-analysis-an-efficient-solution-for-large-industrial-workshop-doors\/","title":{"rendered":"An\u00e1lise de Aplica\u00e7\u00e3o Profissional de Portas Seccionais Compactas: Uma Solu\u00e7\u00e3o Eficiente para Portas de Grandes Oficinas Industriais"},"content":{"rendered":"<div id=\"ez-toc-container\" class=\"ez-toc-v2_0_73 counter-hierarchy ez-toc-counter ez-toc-grey ez-toc-container-direction\">\n<div class=\"ez-toc-title-container\">\n<p class=\"ez-toc-title\" style=\"cursor:inherit\">\u00cdndice<\/p>\n<span class=\"ez-toc-title-toggle\"><a href=\"#\" class=\"ez-toc-pull-right ez-toc-btn ez-toc-btn-xs ez-toc-btn-default ez-toc-toggle\" aria-label=\"Alternar \u00cdndice de Conte\u00fado\"><span class=\"ez-toc-js-icon-con\"><span class=\"\"><span class=\"eztoc-hide\" style=\"display:none;\">Alternar<\/span><span class=\"ez-toc-icon-toggle-span\"><svg style=\"fill: #999;color:#999\" xmlns=\"http:\/\/www.w3.org\/2000\/svg\" class=\"list-377408\" width=\"20px\" height=\"20px\" viewbox=\"0 0 24 24\" fill=\"none\"><path d=\"M6 6H4v2h2V6zm14 0H8v2h12V6zM4 11h2v2H4v-2zm16 0H8v2h12v-2zM4 16h2v2H4v-2zm16 0H8v2h12v-2z\" fill=\"currentColor\"><\/path><\/svg><svg style=\"fill: #999;color:#999\" class=\"arrow-unsorted-368013\" xmlns=\"http:\/\/www.w3.org\/2000\/svg\" width=\"10px\" height=\"10px\" viewbox=\"0 0 24 24\" version=\"1.2\" baseprofile=\"tiny\"><path d=\"M18.2 9.3l-6.2-6.3-6.2 6.3c-.2.2-.3.4-.3.7s.1.5.3.7c.2.2.4.3.7.3h11c.3 0 .5-.1.7-.3.2-.2.3-.5.3-.7s-.1-.5-.3-.7zM5.8 14.7l6.2 6.3 6.2-6.3c.2-.2.3-.5.3-.7s-.1-.5-.3-.7c-.2-.2-.4-.3-.7-.3h-11c-.3 0-.5.1-.7.3-.2.2-.3.5-.3.7s.1.5.3.7z\"\/><\/svg><\/span><\/span><\/span><\/a><\/span><\/div>\n<nav><ul class='ez-toc-list ez-toc-list-level-1' ><li class='ez-toc-page-1 ez-toc-heading-level-2'><a class=\"ez-toc-link ez-toc-heading-1\" href=\"https:\/\/germanyseppes.com\/pt\/compact-sectional-door-professional-application-analysis-an-efficient-solution-for-large-industrial-workshop-doors\/#What_is_a_Compact_Sectional_Door\" title=\"O que \u00e9 uma Porta Seccional Compacta?\">O que \u00e9 uma Porta Seccional Compacta?<\/a><\/li><li class='ez-toc-page-1 ez-toc-heading-level-2'><a class=\"ez-toc-link ez-toc-heading-2\" href=\"https:\/\/germanyseppes.com\/pt\/compact-sectional-door-professional-application-analysis-an-efficient-solution-for-large-industrial-workshop-doors\/#Project_Case_Study_Main_EntranceExit_Configuration_for_Changzhou_Workshop_with_6300%C3%977600_Industrial_Lift_Door\" title=\"Estudo de Caso do Projeto: Configura\u00e7\u00e3o da Entrada\/Sa\u00edda Principal da Oficina de Changzhou com Porta Industrial de Eleva\u00e7\u00e3o 6300\u00d77600\">Estudo de Caso do Projeto: Configura\u00e7\u00e3o da Entrada\/Sa\u00edda Principal da Oficina de Changzhou com Porta Industrial de Eleva\u00e7\u00e3o 6300\u00d77600<\/a><ul class='ez-toc-list-level-3' ><li class='ez-toc-heading-level-3'><a class=\"ez-toc-link ez-toc-heading-3\" href=\"https:\/\/germanyseppes.com\/pt\/compact-sectional-door-professional-application-analysis-an-efficient-solution-for-large-industrial-workshop-doors\/#Project_Overview\" title=\"**Vis\u00e3o Geral do Projeto**\">**Vis\u00e3o Geral do Projeto**<\/a><\/li><li class='ez-toc-page-1 ez-toc-heading-level-3'><a class=\"ez-toc-link ez-toc-heading-4\" href=\"https:\/\/germanyseppes.com\/pt\/compact-sectional-door-professional-application-analysis-an-efficient-solution-for-large-industrial-workshop-doors\/#Technical_Specifications_and_Parameters\" title=\"Especifica\u00e7\u00f5es e Par\u00e2metros T\u00e9cnicos\">Especifica\u00e7\u00f5es e Par\u00e2metros T\u00e9cnicos<\/a><\/li><\/ul><\/li><li class='ez-toc-page-1 ez-toc-heading-level-2'><a class=\"ez-toc-link ez-toc-heading-5\" href=\"https:\/\/germanyseppes.com\/pt\/compact-sectional-door-professional-application-analysis-an-efficient-solution-for-large-industrial-workshop-doors\/#Key_Advantages_of_Compact_Sectional_Doors\" title=\"Principais Vantagens das Portas Seccionais Compactas\">Principais Vantagens das Portas Seccionais Compactas<\/a><ul class='ez-toc-list-level-3' ><li class='ez-toc-heading-level-3'><a class=\"ez-toc-link ez-toc-heading-6\" href=\"https:\/\/germanyseppes.com\/pt\/compact-sectional-door-professional-application-analysis-an-efficient-solution-for-large-industrial-workshop-doors\/#Vertical_Lift_Saving_Top_Space\" title=\"Eleva\u00e7\u00e3o Vertical, Economizando Espa\u00e7o Superior\">Eleva\u00e7\u00e3o Vertical, Economizando Espa\u00e7o Superior<\/a><\/li><li class='ez-toc-page-1 ez-toc-heading-level-3'><a class=\"ez-toc-link ez-toc-heading-7\" href=\"https:\/\/germanyseppes.com\/pt\/compact-sectional-door-professional-application-analysis-an-efficient-solution-for-large-industrial-workshop-doors\/#The_door_structure_is_robust_and_suitable_for_large-scale_applications\" title=\"A estrutura da porta \u00e9 robusta e adequada para aplica\u00e7\u00f5es de grande porte.\">A estrutura da porta \u00e9 robusta e adequada para aplica\u00e7\u00f5es de grande porte.<\/a><\/li><li class='ez-toc-page-1 ez-toc-heading-level-3'><a class=\"ez-toc-link ez-toc-heading-8\" href=\"https:\/\/germanyseppes.com\/pt\/compact-sectional-door-professional-application-analysis-an-efficient-solution-for-large-industrial-workshop-doors\/#High-security_design\" title=\"Design de alta seguran\u00e7a\">Design de alta seguran\u00e7a<\/a><\/li><li class='ez-toc-page-1 ez-toc-heading-level-3'><a class=\"ez-toc-link ez-toc-heading-9\" href=\"https:\/\/germanyseppes.com\/pt\/compact-sectional-door-professional-application-analysis-an-efficient-solution-for-large-industrial-workshop-doors\/#Visual_customization_for_a_unified_appearance_of_the_factory_area\" title=\"Personaliza\u00e7\u00e3o visual para uma apar\u00eancia unificada da \u00e1rea fabril\">Personaliza\u00e7\u00e3o visual para uma apar\u00eancia unificada da \u00e1rea fabril<\/a><\/li><\/ul><\/li><li class='ez-toc-page-1 ez-toc-heading-level-2'><a class=\"ez-toc-link ez-toc-heading-10\" href=\"https:\/\/germanyseppes.com\/pt\/compact-sectional-door-professional-application-analysis-an-efficient-solution-for-large-industrial-workshop-doors\/#Typical_applications_for_compact_sectional_doors\" title=\"Aplica\u00e7\u00f5es t\u00edpicas para portas seccionais compactas\">Aplica\u00e7\u00f5es t\u00edpicas para portas seccionais compactas<\/a><\/li><li class='ez-toc-page-1 ez-toc-heading-level-2'><a class=\"ez-toc-link ez-toc-heading-11\" href=\"https:\/\/germanyseppes.com\/pt\/compact-sectional-door-professional-application-analysis-an-efficient-solution-for-large-industrial-workshop-doors\/#Comparison_with_traditional_industrial_doors\" title=\"Compara\u00e7\u00e3o com portas industriais tradicionais\">Compara\u00e7\u00e3o com portas industriais tradicionais<\/a><\/li><li class='ez-toc-page-1 ez-toc-heading-level-2'><a class=\"ez-toc-link ez-toc-heading-12\" href=\"https:\/\/germanyseppes.com\/pt\/compact-sectional-door-professional-application-analysis-an-efficient-solution-for-large-industrial-workshop-doors\/#Installation_and_Maintenance_Recommendations\" title=\"Recomenda\u00e7\u00f5es de Instala\u00e7\u00e3o e Manuten\u00e7\u00e3o\">Recomenda\u00e7\u00f5es de Instala\u00e7\u00e3o e Manuten\u00e7\u00e3o<\/a><ul class='ez-toc-list-level-3' ><li class='ez-toc-heading-level-3'><a class=\"ez-toc-link ez-toc-heading-13\" href=\"https:\/\/germanyseppes.com\/pt\/compact-sectional-door-professional-application-analysis-an-efficient-solution-for-large-industrial-workshop-doors\/#Installation_Requirements\" title=\"Requisitos de Instala\u00e7\u00e3o\">Requisitos de Instala\u00e7\u00e3o<\/a><\/li><li class='ez-toc-page-1 ez-toc-heading-level-3'><a class=\"ez-toc-link ez-toc-heading-14\" href=\"https:\/\/germanyseppes.com\/pt\/compact-sectional-door-professional-application-analysis-an-efficient-solution-for-large-industrial-workshop-doors\/#Maintenance_Points\" title=\"Pontos de Manuten\u00e7\u00e3o\">Pontos de Manuten\u00e7\u00e3o<\/a><\/li><\/ul><\/li><li class='ez-toc-page-1 ez-toc-heading-level-2'><a class=\"ez-toc-link ez-toc-heading-15\" href=\"https:\/\/germanyseppes.com\/pt\/compact-sectional-door-professional-application-analysis-an-efficient-solution-for-large-industrial-workshop-doors\/#Selection_Recommendations_and_Parameter_Configuration_Reference\" title=\"Recomenda\u00e7\u00f5es de Sele\u00e7\u00e3o e Refer\u00eancia de Configura\u00e7\u00e3o de Par\u00e2metros\">Recomenda\u00e7\u00f5es de Sele\u00e7\u00e3o e Refer\u00eancia de Configura\u00e7\u00e3o de Par\u00e2metros<\/a><\/li><li class='ez-toc-page-1 ez-toc-heading-level-2'><a class=\"ez-toc-link ez-toc-heading-16\" href=\"https:\/\/germanyseppes.com\/pt\/compact-sectional-door-professional-application-analysis-an-efficient-solution-for-large-industrial-workshop-doors\/#FAQ\" title=\"Perguntas Frequentes (FAQ) &nbsp;\">Perguntas Frequentes (FAQ) &nbsp;<\/a><\/li><\/ul><\/nav><\/div>\n<h2 class=\"wp-block-heading\"><span class=\"ez-toc-section\" id=\"What_is_a_Compact_Sectional_Door\"><\/span><strong>O que \u00e9 uma Porta Seccional Compacta?<\/strong><strong><\/strong><span class=\"ez-toc-section-end\"><\/span><\/h2>\n\n\n\n<p>A <strong><a href=\"https:\/\/germanyseppes.com\/pt\/porta-de-seccional\/\">A porta seccional compacta <\/a><\/strong>\u00e9 um sistema de porta de alto desempenho projetado especificamente para plantas industriais, armaz\u00e9ns, centros log\u00edsticos e outras instala\u00e7\u00f5es similares. Comparada com portas basculantes tradicionais ou port\u00f5es de enrolar, apresenta uma estrutura modular de pain\u00e9is de porta segmentados e um design de trilho de eleva\u00e7\u00e3o vertical, permitindo opera\u00e7\u00e3o est\u00e1vel, de alta frequ\u00eancia e com alto desempenho de veda\u00e7\u00e3o em espa\u00e7os limitados, sendo adequada para diversos ambientes estruturais complexos.<\/p>\n\n\n\n<p>Ao configurar de forma otimizada as estruturas dos trilhos, sistemas de controle el\u00e9trico e componentes de seguran\u00e7a, a porta seccional compacta garante o uso eficiente do espa\u00e7o, ao mesmo tempo que oferece abertura\/fechamento r\u00e1pido da porta, excelente desempenho de resist\u00eancia ao vento e isolamento t\u00e9rmico, e um efeito de integra\u00e7\u00e3o visual harmonioso.<\/p>\n\n\n\n<h2 class=\"wp-block-heading\"><span class=\"ez-toc-section\" id=\"Project_Case_Study_Main_EntranceExit_Configuration_for_Changzhou_Workshop_with_6300%C3%977600_Industrial_Lift_Door\"><\/span><strong>Estudo de Caso do Projeto: Configura\u00e7\u00e3o da Entrada\/Sa\u00edda Principal da Oficina de Changzhou com Porta Industrial de Eleva\u00e7\u00e3o 6300\u00d77600<\/strong><strong><\/strong><span class=\"ez-toc-section-end\"><\/span><\/h2>\n\n\n\n<figure class=\"wp-block-image aligncenter size-full is-resized\"><img fetchpriority=\"high\" decoding=\"async\" width=\"820\" height=\"550\" src=\"https:\/\/germanyseppes.com\/wp-content\/uploads\/2024\/01\/\u63d0\u53474-3.jpg\" alt=\"Porta Seccional\" class=\"wp-image-4050\" style=\"object-fit:cover;width:600px;height:400px\" srcset=\"https:\/\/germanyseppes.com\/wp-content\/uploads\/2024\/01\/\u63d0\u53474-3.jpg 820w, https:\/\/germanyseppes.com\/wp-content\/uploads\/2024\/01\/\u63d0\u53474-3-300x201.jpg 300w, https:\/\/germanyseppes.com\/wp-content\/uploads\/2024\/01\/\u63d0\u53474-3-768x515.jpg 768w\" sizes=\"(max-width: 820px) 100vw, 820px\" \/><figcaption class=\"wp-element-caption\">Porta Seccional Compacta <\/figcaption><\/figure>\n\n\n\n<h3 class=\"wp-block-heading\"><span class=\"ez-toc-section\" id=\"Project_Overview\"><\/span><strong>**Vis\u00e3o Geral do Projeto**<\/strong><strong><\/strong><span class=\"ez-toc-section-end\"><\/span><\/h3>\n\n\n\n<p><strong>\u00c1rea de Aplica\u00e7\u00e3o: <\/strong>Entrada\/Sa\u00edda Principal de Edif\u00edcio Industrial<\/p>\n\n\n\n<p><strong>**Tipo de Porta:**<\/strong> Porta Seccional Compacta<\/p>\n\n\n\n<p><strong>Dimens\u00f5es da Porta: <\/strong>Largura 6300 mm \u00d7 Altura 7600 mm<\/p>\n\n\n\n<p><strong>Cor do Painel:<\/strong> RAL9006 (Cinza Prateado Met\u00e1lico), consistente com a est\u00e9tica do edif\u00edcio<\/p>\n\n\n\n<p><strong>Requisitos Principais:<\/strong> Uso de alta frequ\u00eancia, eleva\u00e7\u00e3o vertical, design que economiza espa\u00e7o, prote\u00e7\u00e3o de seguran\u00e7a, apelo est\u00e9tico e durabilidade<\/p>\n\n\n\n<h3 class=\"wp-block-heading\"><span class=\"ez-toc-section\" id=\"Technical_Specifications_and_Parameters\"><\/span><strong>Especifica\u00e7\u00f5es e Par\u00e2metros T\u00e9cnicos<\/strong><strong><\/strong><span class=\"ez-toc-section-end\"><\/span><\/h3>\n\n\n\n<figure class=\"wp-block-table is-style-stripes\"><table class=\"has-fixed-layout\"><tbody><tr><td>Item do Projeto<\/td><td>Detalhes Espec\u00edficos de Configura\u00e7\u00e3o<\/td><\/tr><tr><td>Estrutura do Painel da Porta<\/td><td>Chapas de a\u00e7o revestidas em cores dupla camada + preenchimento com espuma de poliuretano de alta densidade, espessura 40mm (estrutura anti-esmagamento)<\/td><\/tr><tr><td>**M\u00e9todo de Eleva\u00e7\u00e3o**<\/td><td>Eleva\u00e7\u00e3o vertical (sistema de trilho compacto), sem trilho horizontal superior<\/td><\/tr><tr><td>Tratamento de Superf\u00edcie<\/td><td>Revestimento com tinta met\u00e1lica, cor RAL9006, resistente \u00e0s intemp\u00e9ries e \u00e0 corros\u00e3o<\/td><\/tr><tr><td>Sistema Motor<\/td><td>Motor de grau industrial + interruptor de limite + painel de controle, suporta opera\u00e7\u00e3o por bot\u00e3o<\/td><\/tr><tr><td>Componentes de Seguran\u00e7a<\/td><td>Anti-queda por cabo de a\u00e7o, anti-ruptura de mola, fotoel\u00e9trico infravermelho, amortecedor de seguran\u00e7a na parte inferior da porta<\/td><\/tr><tr><td>Classifica\u00e7\u00e3o de Resist\u00eancia ao Vento<\/td><td>\u2265 grau 10, adequado para v\u00e3os de porta extra-altos e \u00e1reas costeiras ou de alta press\u00e3o do vento<\/td><\/tr><tr><td>M\u00e9todo de Controle<\/td><td>Controle por bot\u00e3o (expans\u00edvel para controle remoto, radar, integra\u00e7\u00e3o com controle de acesso e outros m\u00e9todos inteligentes)<\/td><\/tr><\/tbody><\/table><\/figure>\n\n\n\n<h2 class=\"wp-block-heading\"><span class=\"ez-toc-section\" id=\"Key_Advantages_of_Compact_Sectional_Doors\"><\/span><strong>Principais Vantagens das Portas Seccionais Compactas<\/strong><strong><\/strong><span class=\"ez-toc-section-end\"><\/span><\/h2>\n\n\n\n<h3 class=\"wp-block-heading\"><span class=\"ez-toc-section\" id=\"Vertical_Lift_Saving_Top_Space\"><\/span><strong>Eleva\u00e7\u00e3o Vertical, Economizando Espa\u00e7o Superior<\/strong><strong><\/strong><span class=\"ez-toc-section-end\"><\/span><\/h3>\n\n\n\n<p><a href=\"https:\/\/workshopdoor.com\/industrial-door\/\" target=\"_blank\" rel=\"noopener\"><strong>Portas industriais tradicionais<\/strong> <\/a>(como portas deslizantes) requerem trilhos horizontais longos no topo, ocupando uma grande quantidade da altura do edif\u00edcio. As portas seccionais compactas, por outro lado, utilizam uma estrutura de eleva\u00e7\u00e3o totalmente vertical, com os pain\u00e9is da porta empilhando-se diretamente para cima ao longo dos trilhos. Nenhum espa\u00e7o adicional \u00e9 necess\u00e1rio no topo, liberando consideravelmente a \u00e1rea superior para trilhos de ponte rolante, sistemas de ventila\u00e7\u00e3o ou equipamentos de i\u00e7amento.<\/p>\n\n\n\n<h3 class=\"wp-block-heading\"><span class=\"ez-toc-section\" id=\"The_door_structure_is_robust_and_suitable_for_large-scale_applications\"><\/span><strong>A estrutura da porta \u00e9 robusta e adequada para aplica\u00e7\u00f5es de grande porte.<\/strong><strong><\/strong><span class=\"ez-toc-section-end\"><\/span><\/h3>\n\n\n\n<p>Neste projeto, a altura da porta atinge 7,6 metros e a largura \u00e9 de 6,3 metros, impondo demandas extremamente altas na estabilidade e resist\u00eancia ao vento do painel da porta.<\/p>\n\n\n\n<p>A estrutura de chapa de a\u00e7o dupla + preenchimento de poliuretano proporciona alta resist\u00eancia e rigidez, garantindo que a porta n\u00e3o se deforme e opere de forma est\u00e1vel.<\/p>\n\n\n\n<p>O material possui boa resist\u00eancia \u00e0 corros\u00e3o e propriedades de isolamento t\u00e9rmico, tornando-o adequado para ambientes industriais de uso cont\u00ednuo.<\/p>\n\n\n\n<h3 class=\"wp-block-heading\"><span class=\"ez-toc-section\" id=\"High-security_design\"><\/span><strong>Design de alta seguran\u00e7a<\/strong><strong><\/strong><span class=\"ez-toc-section-end\"><\/span><\/h3>\n\n\n\n<p>Prote\u00e7\u00e3o anti-queda por cabo de a\u00e7o: freia automaticamente quando o cabo de a\u00e7o afrouxa ou quebra, impedindo a queda da porta;<\/p>\n\n\n\n<p>Prote\u00e7\u00e3o contra ruptura de mola: Em caso de ruptura da mola, um mecanismo de bloqueio protege o sistema operacional; &nbsp;<\/p>\n\n\n\n<p>Prote\u00e7\u00e3o por fotoel\u00e9trico infravermelho + borda inferior de seguran\u00e7a: Recolhe automaticamente ao encontrar pessoas ou obst\u00e1culos para evitar esmagamento ou danos ao equipamento; &nbsp;<\/p>\n\n\n\n<p>Todo o sistema est\u00e1 em conformidade com os padr\u00f5es de seguran\u00e7a EN13241 e ISO9001.<\/p>\n\n\n\n<h3 class=\"wp-block-heading\"><span class=\"ez-toc-section\" id=\"Visual_customization_for_a_unified_appearance_of_the_factory_area\"><\/span><strong>Personaliza\u00e7\u00e3o visual para uma apar\u00eancia unificada da \u00e1rea fabril<\/strong><strong><\/strong><span class=\"ez-toc-section-end\"><\/span><\/h3>\n\n\n\n<p>A superf\u00edcie \u00e9 pintada a spray com RAL9006 cinza prateado met\u00e1lico, que possui boa resist\u00eancia aos raios UV, corros\u00e3o e desbotamento. O estilo geral \u00e9 altamente coordenado com o design da fachada dos edif\u00edcios industriais, melhorando a imagem corporativa.<\/p>\n\n\n\n<h2 class=\"wp-block-heading\"><span class=\"ez-toc-section\" id=\"Typical_applications_for_compact_sectional_doors\"><\/span><strong>Aplica\u00e7\u00f5es t\u00edpicas para portas seccionais compactas<\/strong><strong><\/strong><span class=\"ez-toc-section-end\"><\/span><\/h2>\n\n\n\n<figure class=\"wp-block-image size-large\"><img decoding=\"async\" width=\"1024\" height=\"514\" src=\"https:\/\/germanyseppes.com\/wp-content\/uploads\/2025\/01\/aluminum-roll-up-garage-door-VS-sectional-garage-door_\u753b\u677f-1-1024x514.jpg\" alt=\"porta de garagem de enrolar em alum\u00ednio VS porta de garagem seccional\" class=\"wp-image-6551\" srcset=\"https:\/\/germanyseppes.com\/wp-content\/uploads\/2025\/01\/aluminum-roll-up-garage-door-VS-sectional-garage-door_\u753b\u677f-1-1024x514.jpg 1024w, https:\/\/germanyseppes.com\/wp-content\/uploads\/2025\/01\/aluminum-roll-up-garage-door-VS-sectional-garage-door_\u753b\u677f-1-300x151.jpg 300w, https:\/\/germanyseppes.com\/wp-content\/uploads\/2025\/01\/aluminum-roll-up-garage-door-VS-sectional-garage-door_\u753b\u677f-1-768x386.jpg 768w, https:\/\/germanyseppes.com\/wp-content\/uploads\/2025\/01\/aluminum-roll-up-garage-door-VS-sectional-garage-door_\u753b\u677f-1.jpg 1249w\" sizes=\"(max-width: 1024px) 100vw, 1024px\" \/><figcaption class=\"wp-element-caption\">Fonte: SEPPES<\/figcaption><\/figure>\n\n\n\n<figure class=\"wp-block-table is-style-stripes\"><table class=\"has-fixed-layout\"><tbody><tr><td>Locais de Aplica\u00e7\u00e3o<\/td><td>Aplica\u00e7\u00e3o<\/td><td>Vantagens de Compatibilidade do Produto<\/td><\/tr><tr><td><strong><a href=\"https:\/\/workshopdoor.com\/production-workshop\/\" target=\"_blank\" rel=\"noopener\">Oficinas de Manufatura Pesada<\/a><\/strong><\/td><td>Equipadas com trilhos superiores no topo, exigindo entrada e sa\u00edda frequentes<\/td><td>O design de eleva\u00e7\u00e3o vertical n\u00e3o interfere na estrutura interna da oficina.<\/td><\/tr><tr><td><strong><a href=\"https:\/\/workshopdoor.com\/logistics-industry\/\" target=\"_blank\" rel=\"noopener\">Passagens de Armazenamento\/Log\u00edstica<\/a><\/strong><\/td><td>Passagem frequente de carga grande, exigindo uma abertura de porta grande<\/td><td>A estrutura de painel de porta de alta resist\u00eancia suporta a personaliza\u00e7\u00e3o de portas de grandes dimens\u00f5es.<\/td><\/tr><tr><td>Parti\u00e7\u00f5es de \u00c1rea de Cadeia de Frio\/Limpa<\/td><td>Isolamento t\u00e9rmico, \u00e0 prova de poeira e vento<\/td><td>Pain\u00e9is de porta com preenchimento de poliuretano + sistema de fita de veda\u00e7\u00e3o.<\/td><\/tr><tr><td>F\u00e1bricas de Fabrica\u00e7\u00e3o de Autom\u00f3veis<\/td><td>Abertura e fechamento frequentes, exigindo opera\u00e7\u00e3o segura, r\u00e1pida e eficiente<\/td><td>Motor industrial + sistema de amortecedor + m\u00faltiplos projetos de seguran\u00e7a.<\/td><\/tr><\/tbody><\/table><\/figure>\n\n\n\n<h2 class=\"wp-block-heading\"><span class=\"ez-toc-section\" id=\"Comparison_with_traditional_industrial_doors\"><\/span><strong>Compara\u00e7\u00e3o com portas industriais tradicionais<\/strong><strong><\/strong><span class=\"ez-toc-section-end\"><\/span><\/h2>\n\n\n\n<figure class=\"wp-block-table is-style-stripes\"><table class=\"has-fixed-layout\"><tbody><tr><td>Dimens\u00f5es de Desempenho<\/td><td>Porta Seccional Compacta<\/td><td>Portas basculantes tradicionais\/port\u00f5es de enrolar<\/td><\/tr><tr><td>M\u00e9todos de Melhoria<\/td><td>Eleva\u00e7\u00e3o Vertical \/ Trilho Compacto<\/td><td>Deslizamento Horizontal \/ Enrolamento Superior<\/td><\/tr><tr><td>Efici\u00eancia de Utiliza\u00e7\u00e3o do Espa\u00e7o<\/td><td>\u2b50\u2b50\u2b50\u2b50\u2b50<\/td><td>\u2b50\u2b50 (Exige grande espa\u00e7o na parte superior)<\/td><\/tr><tr><td>Resist\u00eancia da Porta e Classifica\u00e7\u00e3o de Resist\u00eancia ao Vento<\/td><td>\u2b50\u2b50\u2b50\u2b50 (\u226510)<\/td><td>\u2b50\u2b50 (Resist\u00eancia ao vento limitada)<\/td><\/tr><tr><td>Apelo Visual e Est\u00e9tica<\/td><td>\u2b50\u2b50\u2b50\u2b50 (Personaliza\u00e7\u00e3o RAL dispon\u00edvel)<\/td><td>\u2b50 (Cores limitadas, est\u00e9tica m\u00e9dia)<\/td><\/tr><tr><td>Vida \u00datil e Frequ\u00eancia de Manuten\u00e7\u00e3o<\/td><td>\u2b50\u2b50\u2b50\u2b50 (Baixa manuten\u00e7\u00e3o, longa vida \u00fatil)<\/td><td>\u2b50\u2b50 (Motor e tecido da cortina s\u00e3o propensos ao envelhecimento)<\/td><\/tr><\/tbody><\/table><\/figure>\n\n\n\n<h2 class=\"wp-block-heading\"><span class=\"ez-toc-section\" id=\"Installation_and_Maintenance_Recommendations\"><\/span><strong>Recomenda\u00e7\u00f5es de Instala\u00e7\u00e3o e Manuten\u00e7\u00e3o<\/strong><strong><\/strong><span class=\"ez-toc-section-end\"><\/span><\/h2>\n\n\n\n<h3 class=\"wp-block-heading\"><span class=\"ez-toc-section\" id=\"Installation_Requirements\"><\/span><strong>Requisitos de Instala\u00e7\u00e3o<\/strong><strong><\/strong><span class=\"ez-toc-section-end\"><\/span><\/h3>\n\n\n\n<p>Garantir que haja \u2265300mm de espa\u00e7o de instala\u00e7\u00e3o em ambos os lados da abertura da porta;<\/p>\n\n\n\n<p>Garantir que haja \u2265600mm de espa\u00e7o acima da abertura da porta para permitir o movimento suave do trilho;<\/p>\n\n\n\n<p>Recomenda-se o uso de ancoragens qu\u00edmicas + componentes estruturais de cantoneira para fixar o sistema de moldura da porta, aumentando assim a capacidade de carga geral;<\/p>\n\n\n\n<p>A alimenta\u00e7\u00e3o do sistema de controle requer um sistema trif\u00e1sico de cinco fios, com fia\u00e7\u00e3o protegida por condu\u00edtes met\u00e1licos ou bandejas de cabos.<\/p>\n\n\n\n<h3 class=\"wp-block-heading\"><span class=\"ez-toc-section\" id=\"Maintenance_Points\"><\/span><strong>Pontos de Manuten\u00e7\u00e3o<\/strong><strong><\/strong><span class=\"ez-toc-section-end\"><\/span><\/h3>\n\n\n\n<p>Verificar mensalmente a tens\u00e3o do cabo de a\u00e7o, a pr\u00e9-carga da mola e a limpeza do trilho.<\/p>\n\n\n\n<p>Verificar trimestralmente a sensibilidade do sensor fotoel\u00e9trico e do amortecedor da borda inferior.<\/p>\n\n\n\n<p>Recomenda-se limpar a superf\u00edcie do painel da porta e repor o \u00f3leo lubrificante a cada seis meses.<\/p>\n\n\n\n<p>Recomenda-se estabelecer um plano de inspe\u00e7\u00e3o anual para reduzir riscos operacionais atrav\u00e9s de manuten\u00e7\u00e3o preventiva.<\/p>\n\n\n\n<h2 class=\"wp-block-heading\"><span class=\"ez-toc-section\" id=\"Selection_Recommendations_and_Parameter_Configuration_Reference\"><\/span><strong>Recomenda\u00e7\u00f5es de Sele\u00e7\u00e3o e Refer\u00eancia de Configura\u00e7\u00e3o de Par\u00e2metros<\/strong><strong><\/strong><span class=\"ez-toc-section-end\"><\/span><\/h2>\n\n\n\n<p>Ao selecionar uma porta seccional compacta, os seguintes par\u00e2metros podem ser usados para determinar a estrutura:<\/p>\n\n\n\n<figure class=\"wp-block-table is-style-stripes\"><table class=\"has-fixed-layout\"><tbody><tr><td>Categoria de Par\u00e2metro<\/td><td>Faixa Recomendada<\/td><\/tr><tr><td>Largura<\/td><td>\u22648000mm (tamanhos maiores exigem trilhos refor\u00e7ados)<\/td><\/tr><tr><td>Altura<\/td><td>\u22648000mm (os trilhos exigem ajustes personalizados)<\/td><\/tr><tr><td>Espessura do Painel da Porta<\/td><td>Preenchimento de poliuretano de 40\u201350mm<\/td><\/tr><tr><td>M\u00e9todo de Controle<\/td><td>Bot\u00e3o \/ controle remoto \/ radar \/ intertravamento com controle de acesso<\/td><\/tr><tr><td>Cor da Superf\u00edcie<\/td><td>N\u00famero da carta de cores RAL personalizada<\/td><\/tr><tr><td>**M\u00e9todo de Eleva\u00e7\u00e3o**<\/td><td>Eleva\u00e7\u00e3o vertical \/ eleva\u00e7\u00e3o elevada \/ eleva\u00e7\u00e3o curva<\/td><\/tr><\/tbody><\/table><\/figure>\n\n\n\n<h2 class=\"wp-block-heading\"><span class=\"ez-toc-section\" id=\"FAQ\"><\/span><strong>Perguntas Frequentes (FAQ) &nbsp;<\/strong><strong><\/strong><span class=\"ez-toc-section-end\"><\/span><\/h2>\n\n\n\n<p><strong>Q1: A porta seccional compacta \u00e9 adequada para grandes aberturas? &nbsp;<\/strong><strong><\/strong><\/p>\n\n\n\n<p>Sim. Sua estrutura modular de pain\u00e9is de porta e sistema de trilhos refor\u00e7ados suportam aberturas com mais de 6\u20138 metros de largura. &nbsp;<\/p>\n\n\n\n<p><strong>Q2: A porta suporta integra\u00e7\u00e3o com sistemas de controle de acesso da f\u00e1brica? &nbsp;<\/strong><strong><\/strong><\/p>\n\n\n\n<p>Sim. Pode ser configurada com um m\u00f3dulo PLC para integrar-se a sistemas de controle de acesso, scanners, radares e outros terminais de controle.<\/p>\n\n\n\n<p><strong>Q3: O painel de porta RAL9006 \u00e9 adequado para uso externo? <\/strong>&nbsp;<\/p>\n\n\n\n<p>Sim. O RAL9006 oferece excelente resist\u00eancia \u00e0 corros\u00e3o e prote\u00e7\u00e3o UV, sendo adequado para uso externo de longo prazo. \u00a0  <\/p>","protected":false},"excerpt":{"rendered":"<p>What is a Compact Sectional Door? A compact sectional door is a high-performance door system designed specifically for industrial plants, warehouses, logistics centers, and other similar facilities. Compared to traditional overhead doors or roller shutters, it features a modular segmented door panel structure and vertical lifting track design, enabling stable, high-frequency, and high-sealing performance operation [&hellip;]<\/p>\n","protected":false},"author":2,"featured_media":4049,"comment_status":"open","ping_status":"open","sticky":false,"template":"","format":"standard","meta":{"_uag_custom_page_level_css":"","footnotes":""},"categories":[1],"tags":[],"class_list":["post-6774","post","type-post","status-publish","format-standard","has-post-thumbnail","hentry","category-high-speed-door"],"blocksy_meta":[],"uagb_featured_image_src":{"full":["https:\/\/germanyseppes.com\/wp-content\/uploads\/2024\/01\/31.jpg",600,400,false],"thumbnail":["https:\/\/germanyseppes.com\/wp-content\/uploads\/2024\/01\/31-150x150.jpg",150,150,true],"medium":["https:\/\/germanyseppes.com\/wp-content\/uploads\/2024\/01\/31-300x200.jpg",300,200,true],"medium_large":["https:\/\/germanyseppes.com\/wp-content\/uploads\/2024\/01\/31.jpg",600,400,false],"large":["https:\/\/germanyseppes.com\/wp-content\/uploads\/2024\/01\/31.jpg",600,400,false],"1536x1536":["https:\/\/germanyseppes.com\/wp-content\/uploads\/2024\/01\/31.jpg",600,400,false],"2048x2048":["https:\/\/germanyseppes.com\/wp-content\/uploads\/2024\/01\/31.jpg",600,400,false],"trp-custom-language-flag":["https:\/\/germanyseppes.com\/wp-content\/uploads\/2024\/01\/31.jpg",18,12,false]},"uagb_author_info":{"display_name":"Summer Zhu","author_link":"https:\/\/germanyseppes.com\/pt\/author\/summer-zhu\/"},"uagb_comment_info":0,"uagb_excerpt":"What is a Compact Sectional Door? A compact sectional door is a high-performance door system designed specifically for industrial plants, warehouses, logistics centers, and other similar facilities. Compared to traditional overhead doors or roller shutters, it features a modular segmented door panel structure and vertical lifting track design, enabling stable, high-frequency, and high-sealing performance operation&hellip;","_links":{"self":[{"href":"https:\/\/germanyseppes.com\/pt\/wp-json\/wp\/v2\/posts\/6774","targetHints":{"allow":["GET"]}}],"collection":[{"href":"https:\/\/germanyseppes.com\/pt\/wp-json\/wp\/v2\/posts"}],"about":[{"href":"https:\/\/germanyseppes.com\/pt\/wp-json\/wp\/v2\/types\/post"}],"author":[{"embeddable":true,"href":"https:\/\/germanyseppes.com\/pt\/wp-json\/wp\/v2\/users\/2"}],"replies":[{"embeddable":true,"href":"https:\/\/germanyseppes.com\/pt\/wp-json\/wp\/v2\/comments?post=6774"}],"version-history":[{"count":1,"href":"https:\/\/germanyseppes.com\/pt\/wp-json\/wp\/v2\/posts\/6774\/revisions"}],"predecessor-version":[{"id":6775,"href":"https:\/\/germanyseppes.com\/pt\/wp-json\/wp\/v2\/posts\/6774\/revisions\/6775"}],"wp:featuredmedia":[{"embeddable":true,"href":"https:\/\/germanyseppes.com\/pt\/wp-json\/wp\/v2\/media\/4049"}],"wp:attachment":[{"href":"https:\/\/germanyseppes.com\/pt\/wp-json\/wp\/v2\/media?parent=6774"}],"wp:term":[{"taxonomy":"category","embeddable":true,"href":"https:\/\/germanyseppes.com\/pt\/wp-json\/wp\/v2\/categories?post=6774"},{"taxonomy":"post_tag","embeddable":true,"href":"https:\/\/germanyseppes.com\/pt\/wp-json\/wp\/v2\/tags?post=6774"}],"curies":[{"name":"wp","href":"https:\/\/api.w.org\/{rel}","templated":true}]}}